{"id":7101,"date":"2025-05-29T16:46:45","date_gmt":"2025-05-29T19:46:45","guid":{"rendered":"https:\/\/www.aldealatam.com\/?p=7101"},"modified":"2025-05-29T17:01:41","modified_gmt":"2025-05-29T20:01:41","slug":"evento-presencial-del-excel-a-la-planificacion-automatizada-como-transformar-las-compras-en-decisiones-estrategicas","status":"publish","type":"post","link":"https:\/\/www.aldealatam.com\/en\/evento-presencial-del-excel-a-la-planificacion-automatizada-como-transformar-las-compras-en-decisiones-estrategicas\/","title":{"rendered":"Evento presencial: Del Excel a la planificaci\u00f3n automatizada: C\u00f3mo transformar las compras en decisiones estrat\u00e9gicas"},"content":{"rendered":"<div class=\"vc_row wpb_row vc_row-fluid vc_row_visible\"><div class=\"wpb_column vc_column_container vc_col-sm-12 text-left\"><div class=\"vc_column-inner\"><div class=\"wpb_wrapper\">\n\t<div class=\"wpb_text_column wpb_content_element\" >\n\t\t<div class=\"wpb_wrapper\">\n\t\t\t<div><strong>Del Excel a la planificaci\u00f3n automatizada: C\u00f3mo transformar las compras en decisiones estrat\u00e9gicas<\/strong><\/div>\n<div><\/div>\n<div><\/div>\n<div>Este martes tuvimos un exitoso desayuno en las oficinas de Microsoft Argentina donde asistieron m\u00e1s de 40 profesionales de distintas empresas l\u00edderes del pa\u00eds.<\/div>\n<div><\/div>\n<div>Tuvo una agenda colmada de importantes encuentros&#x1f30e; Te contamos brevemente su recorrido&#x1f447;&#x1f3fb;&#x1f5fa;&#xfe0f;<\/div>\n<div><\/div>\n<div><\/div>\n<div>&#x2705;La apertura y c\u00e1lida bienvenida a los asistentes estuvo a cargo de Gerardo Castellano, Partner Development Manager en Microsoft Argentina.<\/div>\n<div><\/div>\n<div>&#x2705; \u201c<i>Del Excel a la IA : el futuro de las aplicaciones en un mundo conectado\u201d<\/i>\u00a0fue la destacada presentaci\u00f3n de\u00a0<a id=\"OWA23afbc1c-7a72-fbb0-cf77-e285d4946dff\" class=\"x_OWAAutoLink\" title=\"https:\/\/www.linkedin.com\/in\/luis-morales-60a10654\/\" href=\"https:\/\/www.linkedin.com\/in\/luis-morales-60a10654\/\" data-auth=\"NotApplicable\" data-linkindex=\"1\">Luis Morales<\/a>, Business Apps SMB Partner Solution Sales en Microsoft Corp., donde\u00a0 explic\u00f3 c\u00f3mo la innovaci\u00f3n de Microsoft impulsa a las personas a tomar decisiones m\u00e1s r\u00e1pidas, inteligentes y rentables.<\/div>\n<div><\/div>\n<div>&#x2705;\u00a0<a id=\"OWA1348dabe-ac54-4388-5ed1-e3e285bb5bfb\" class=\"x_OWAAutoLink\" title=\"https:\/\/www.linkedin.com\/in\/javierffuentes\/\" href=\"https:\/\/www.linkedin.com\/in\/javierffuentes\/\" data-auth=\"NotApplicable\" data-linkindex=\"2\">Javier Fuentes<\/a>, Gerente de Operaciones de ALDEA Desaf\u00edos Digitales, en su presentaci\u00f3n\u00a0\u00a0<i>\u201cCompras estrat\u00e9gicas y abastecimiento eficiente: Tomar decisiones con informaci\u00f3n\u201d<\/i>, dio una demostraci\u00f3n basada en experiencias reales, en relaci\u00f3n a c\u00f3mo pasar de la intuici\u00f3n a la gesti\u00f3n de abastecimiento basada en Datos.<\/div>\n<div><\/div>\n<div>&#x2705; Por su parte Gianfranco Ciancaglini, responsable comercial de ALDEA Desaf\u00edos Digitales, cerr\u00f3 la jornada con una propuesta concreta para implementar el cambio en tu empresa: \u201cEs momento de transformar tu gesti\u00f3n: propuesta exclusiva para quienes deciden dar el siguiente paso\u201d.<\/div>\n<div><\/div>\n<div>&#x2705;<a id=\"OWA0831f2d6-9b4d-d06e-ae5f-ce5851436c0f\" class=\"x_OWAAutoLink\" title=\"https:\/\/www.linkedin.com\/in\/reneillanes\/\" href=\"https:\/\/www.linkedin.com\/in\/reneillanes\/\" data-auth=\"NotApplicable\" data-linkindex=\"3\">\u00a0<\/a><a id=\"OWA0831f2d6-9b4d-d06e-ae5f-ce5851436c0f\" class=\"x_OWAAutoLink\" title=\"https:\/\/www.linkedin.com\/in\/reneillanes\/\" href=\"https:\/\/www.linkedin.com\/in\/reneillanes\/\" data-auth=\"NotApplicable\" data-linkindex=\"4\">Rene Illanes<\/a>, Presidente de ALDEA Desaf\u00edos Digitales, agradeci\u00f3 a los asistentes y explic\u00f3 por qu\u00e9 el ERP Microsoft Dynamics 365 Business Central es una s\u00edntesis de varias soluciones de nivel mundial en relaci\u00f3n a: Seguridad &amp; Cumplimiento, Implementaci\u00f3n en la nube, Funcionalidad ERP e Integraci\u00f3n y Colaboraci\u00f3n.<\/div>\n<div><\/div>\n<div>Este encuentro estuvo especialmente dise\u00f1ado para profesionales de Compras, Log\u00edstica, Finanzas y Direcci\u00f3n General que buscan soluciones concretas para problemas reales.<\/div>\n<div><\/div>\n<div>Los esperamos con entusiasmo en nuestro pr\u00f3ximo evento. &#x1f44b;&#x1f3fb;&#x2708;&#xfe0f;<\/div>\n<div><\/div>\n<div>Les acercamos la grabaci\u00f3n del evento:<\/div>\n<div><\/div>\n<div><a id=\"OWAeabf3e15-4e80-fc6c-fb13-f55aa78a34ab\" class=\"x_OWAAutoLink\" title=\"https:\/\/www.linkedin.com\/search\/results\/all\/?keywords=%23evoluci%C3%B3ndigital&amp;origin=HASH_TAG_FROM_FEED\" href=\"https:\/\/www.linkedin.com\/search\/results\/all\/?keywords=%23evoluci%C3%B3ndigital&amp;origin=HASH_TAG_FROM_FEED\" data-auth=\"NotApplicable\" data-linkindex=\"5\">#Evoluci\u00f3nDigital<\/a>\u00a0<a id=\"OWA21143053-d5d2-b62c-03da-d4f926597f15\" class=\"x_OWAAutoLink\" title=\"https:\/\/www.linkedin.com\/search\/results\/all\/?keywords=%23transformaci%C3%B3ndigital&amp;origin=HASH_TAG_FROM_FEED\" href=\"https:\/\/www.linkedin.com\/search\/results\/all\/?keywords=%23transformaci%C3%B3ndigital&amp;origin=HASH_TAG_FROM_FEED\" data-auth=\"NotApplicable\" data-linkindex=\"6\">#Transformaci\u00f3nDigital<\/a>\u00a0<a id=\"OWA9490b1d3-6bc2-e049-bd7c-05b80188481f\" class=\"x_OWAAutoLink\" title=\"https:\/\/www.linkedin.com\/search\/results\/all\/?keywords=%23businesscentral&amp;origin=HASH_TAG_FROM_FEED\" href=\"https:\/\/www.linkedin.com\/search\/results\/all\/?keywords=%23businesscentral&amp;origin=HASH_TAG_FROM_FEED\" data-auth=\"NotApplicable\" data-linkindex=\"7\">#BusinessCentral<\/a> #BusinessCetral #Microsoft365DynamicsBusinessCentral <a id=\"OWAf3aa8177-61bd-3d12-0c77-c5992a986107\" class=\"x_OWAAutoLink\" title=\"https:\/\/www.linkedin.com\/search\/results\/all\/?keywords=%23sociodemicrosoft&amp;origin=HASH_TAG_FROM_FEED\" href=\"https:\/\/www.linkedin.com\/search\/results\/all\/?keywords=%23sociodemicrosoft&amp;origin=HASH_TAG_FROM_FEED\" data-auth=\"NotApplicable\" data-linkindex=\"8\">#Microsoft<\/a>\u00a0<a id=\"OWAe8504213-e08d-a824-b3ad-f03c2fc99886\" class=\"x_OWAAutoLink\" title=\"https:\/\/www.linkedin.com\/search\/results\/all\/?keywords=%23migraci%C3%B3nalanube&amp;origin=HASH_TAG_FROM_FEED\" href=\"https:\/\/www.linkedin.com\/search\/results\/all\/?keywords=%23migraci%C3%B3nalanube&amp;origin=HASH_TAG_FROM_FEED\" data-auth=\"NotApplicable\" data-linkindex=\"9\">#migraci\u00f3nalanube<\/a>\u00a0<a id=\"OWA594ca28b-b116-6925-a2b7-a1775114fcc3\" class=\"x_OWAAutoLink\" title=\"https:\/\/www.linkedin.com\/search\/results\/all\/?keywords=%23dynamics365&amp;origin=HASH_TAG_FROM_FEED\" href=\"https:\/\/www.linkedin.com\/search\/results\/all\/?keywords=%23dynamics365&amp;origin=HASH_TAG_FROM_FEED\" data-auth=\"NotApplicable\" data-linkindex=\"10\">#Dynamics365 <\/a>#ERP<\/div>\n<div><\/div>\n<div><\/div>\n<div>\n<p><iframe title=\"Del Excel a la planificaci\u00f3n automatizada: C\u00f3mo transformar las compras en decisiones estrat\u00e9gicas\" width=\"640\" height=\"360\" src=\"https:\/\/www.youtube.com\/embed\/osKuKhrudXA?feature=oembed\" frameborder=\"0\" allow=\"accelerometer; autoplay; clipboard-write; encrypted-media; gyroscope; picture-in-picture; web-share\" referrerpolicy=\"strict-origin-when-cross-origin\" allowfullscreen><\/iframe><\/p>\n<\/div>\n\n\t\t<\/div>\n\t<\/div>\n<\/div><\/div><\/div><\/div><div class=\"vc_row wpb_row vc_row-fluid vc_row_visible\"><div class=\"wpb_column vc_column_container vc_col-sm-12 text-left\"><div class=\"vc_column-inner\"><div class=\"wpb_wrapper\"><\/div><\/div><\/div><\/div>","protected":false},"excerpt":{"rendered":"Del Excel a la planificaci\u00f3n automatizada: C\u00f3mo transformar las compras en decisiones estrat\u00e9gicas Este martes tuvimos un exitoso desayuno en las oficinas de Microsoft Argentina donde asistieron m\u00e1s de 40 profesionales de distintas empresas l\u00edderes del pa\u00eds. Tuvo una agenda...","protected":false},"author":7,"featured_media":7099,"comment_status":"closed","ping_status":"closed","sticky":false,"template":"","format":"standard","meta":{"_joinchat":[],"footnotes":""},"categories":[48,56,49],"tags":[94,91,93],"class_list":["post-7101","post","type-post","status-publish","format-standard","has-post-thumbnail","hentry","category-msdynbc365","category-erp","category-mspbi","tag-business","tag-evolucion-digital","tag-microsoft"],"_links":{"self":[{"href":"https:\/\/www.aldealatam.com\/en\/wp-json\/wp\/v2\/posts\/7101"}],"collection":[{"href":"https:\/\/www.aldealatam.com\/en\/wp-json\/wp\/v2\/posts"}],"about":[{"href":"https:\/\/www.aldealatam.com\/en\/wp-json\/wp\/v2\/types\/post"}],"author":[{"embeddable":true,"href":"https:\/\/www.aldealatam.com\/en\/wp-json\/wp\/v2\/users\/7"}],"replies":[{"embeddable":true,"href":"https:\/\/www.aldealatam.com\/en\/wp-json\/wp\/v2\/comments?post=7101"}],"version-history":[{"count":5,"href":"https:\/\/www.aldealatam.com\/en\/wp-json\/wp\/v2\/posts\/7101\/revisions"}],"predecessor-version":[{"id":7106,"href":"https:\/\/www.aldealatam.com\/en\/wp-json\/wp\/v2\/posts\/7101\/revisions\/7106"}],"wp:featuredmedia":[{"embeddable":true,"href":"https:\/\/www.aldealatam.com\/en\/wp-json\/wp\/v2\/media\/7099"}],"wp:attachment":[{"href":"https:\/\/www.aldealatam.com\/en\/wp-json\/wp\/v2\/media?parent=7101"}],"wp:term":[{"taxonomy":"category","embeddable":true,"href":"https:\/\/www.aldealatam.com\/en\/wp-json\/wp\/v2\/categories?post=7101"},{"taxonomy":"post_tag","embeddable":true,"href":"https:\/\/www.aldealatam.com\/en\/wp-json\/wp\/v2\/tags?post=7101"}],"curies":[{"name":"wp","href":"https:\/\/api.w.org\/{rel}","templated":true}]}}