{"id":7108,"date":"2025-06-05T12:53:52","date_gmt":"2025-06-05T15:53:52","guid":{"rendered":"https:\/\/www.aldealatam.com\/?p=7108"},"modified":"2025-06-05T12:53:52","modified_gmt":"2025-06-05T15:53:52","slug":"evento-presencial-del-excel-a-la-planificacion-automatizada-como-transformar-las-compras-en-decisiones-estrategicas-2","status":"publish","type":"post","link":"https:\/\/www.aldealatam.com\/en\/evento-presencial-del-excel-a-la-planificacion-automatizada-como-transformar-las-compras-en-decisiones-estrategicas-2\/","title":{"rendered":"&#x1f3af; Microsoft Argentina presenta nuestro desayuno de negocios"},"content":{"rendered":"<div class=\"vc_row wpb_row vc_row-fluid vc_row_visible\"><div class=\"wpb_column vc_column_container vc_col-sm-12 text-left\"><div class=\"vc_column-inner\"><div class=\"wpb_wrapper\">\n\t<div class=\"wpb_text_column wpb_content_element \" >\n\t\t<div class=\"wpb_wrapper\">\n\t\t\t<div>\n<p><strong>&#x1f3af;<\/strong><strong> Microsoft Argentina presenta nuestro desayuno de negocios<\/strong><\/p>\n<p>M\u00e1s de 40 profesionales se sumaron al desayuno exclusivo en las oficinas de Microsoft Argentina, donde exploramos c\u00f3mo pasar de la intuici\u00f3n a la gesti\u00f3n inteligente con herramientas de \u00faltima generaci\u00f3n.<\/p>\n<p>Hoy #TBT queremos recordar el desayuno de Aldea Desaf\u00edos Digitales, titulado:<\/p>\n<p><strong>Del Excel a la planificaci\u00f3n automatizada: C\u00f3mo transformar las compras en decisiones estrat\u00e9gicas<\/strong><\/p>\n<p>&nbsp;<\/p>\n<p>&#x1f7e6; <strong>Gerardo Castellano<\/strong>, Partner Development Manager en Microsoft, dio la bienvenida y present\u00f3 a ALDEA Desaf\u00edos Digitales como aliado estrat\u00e9gico en la evoluci\u00f3n digital.<\/p>\n<p>Gracias a todos los asistentes\u00a0 que participaron.<\/p>\n<p>&#x1f449; Mir\u00e1 el evento completo ac\u00e1: <u><a href=\"https:\/\/www.aldealatam.com\/evento-presencial-del-excel-a-la-planificacion-automatizada-como-transformar-las-compras-en-decisiones-estrategicas\/\">https:\/\/www.aldealatam.com\/evento-presencial-del-excel-a-la-planificacion-automatizada-como-transformar-las-compras-en-decisiones-estrategicas\/<\/a><\/u><\/p>\n<p>#Evoluci\u00f3nDigital #Transformaci\u00f3nDigital #BusinessCentral #Microsoft #Dynamics365 #ERP #Migraci\u00f3nalaNube #Microsoft365DynamicsBusinessCentral<\/p>\n<div style=\"width: 640px;\" class=\"wp-video\"><!--[if lt IE 9]><script>document.createElement('video');<\/script><![endif]-->\n<video class=\"wp-video-shortcode\" id=\"video-7108-1\" width=\"640\" height=\"480\" preload=\"metadata\" controls=\"controls\"><source type=\"video\/mp4\" src=\"https:\/\/www.aldealatam.com\/wp-content\/uploads\/2025\/06\/Aldea-Microsoft-Presentacion-de-Microsoft.mp4?_=1\" \/><a href=\"https:\/\/www.aldealatam.com\/wp-content\/uploads\/2025\/06\/Aldea-Microsoft-Presentacion-de-Microsoft.mp4\">https:\/\/www.aldealatam.com\/wp-content\/uploads\/2025\/06\/Aldea-Microsoft-Presentacion-de-Microsoft.mp4<\/a><\/video><\/div>\n<p>&nbsp;<\/p>\n<\/div>\n<div><\/div>\n<div><\/div>\n\n\t\t<\/div>\n\t<\/div>\n<\/div><\/div><\/div><\/div><div class=\"vc_row wpb_row vc_row-fluid vc_row_visible\"><div class=\"wpb_column vc_column_container vc_col-sm-12 text-left\"><div class=\"vc_column-inner\"><div class=\"wpb_wrapper\"><\/div><\/div><\/div><\/div>","protected":false},"excerpt":{"rendered":"&#x1f3af; Microsoft Argentina presenta nuestro desayuno de negocios M\u00e1s de 40 profesionales se sumaron al desayuno exclusivo en las oficinas de Microsoft Argentina, donde exploramos c\u00f3mo pasar de la intuici\u00f3n a la gesti\u00f3n inteligente con herramientas de \u00faltima generaci\u00f3n. Hoy...","protected":false},"author":7,"featured_media":7110,"comment_status":"closed","ping_status":"closed","sticky":false,"template":"","format":"standard","meta":{"_joinchat":[],"footnotes":""},"categories":[48,56,49],"tags":[94,91,93],"class_list":["post-7108","post","type-post","status-publish","format-standard","has-post-thumbnail","hentry","category-msdynbc365","category-erp","category-mspbi","tag-business","tag-evolucion-digital","tag-microsoft"],"_links":{"self":[{"href":"https:\/\/www.aldealatam.com\/en\/wp-json\/wp\/v2\/posts\/7108"}],"collection":[{"href":"https:\/\/www.aldealatam.com\/en\/wp-json\/wp\/v2\/posts"}],"about":[{"href":"https:\/\/www.aldealatam.com\/en\/wp-json\/wp\/v2\/types\/post"}],"author":[{"embeddable":true,"href":"https:\/\/www.aldealatam.com\/en\/wp-json\/wp\/v2\/users\/7"}],"replies":[{"embeddable":true,"href":"https:\/\/www.aldealatam.com\/en\/wp-json\/wp\/v2\/comments?post=7108"}],"version-history":[{"count":1,"href":"https:\/\/www.aldealatam.com\/en\/wp-json\/wp\/v2\/posts\/7108\/revisions"}],"predecessor-version":[{"id":7111,"href":"https:\/\/www.aldealatam.com\/en\/wp-json\/wp\/v2\/posts\/7108\/revisions\/7111"}],"wp:featuredmedia":[{"embeddable":true,"href":"https:\/\/www.aldealatam.com\/en\/wp-json\/wp\/v2\/media\/7110"}],"wp:attachment":[{"href":"https:\/\/www.aldealatam.com\/en\/wp-json\/wp\/v2\/media?parent=7108"}],"wp:term":[{"taxonomy":"category","embeddable":true,"href":"https:\/\/www.aldealatam.com\/en\/wp-json\/wp\/v2\/categories?post=7108"},{"taxonomy":"post_tag","embeddable":true,"href":"https:\/\/www.aldealatam.com\/en\/wp-json\/wp\/v2\/tags?post=7108"}],"curies":[{"name":"wp","href":"https:\/\/api.w.org\/{rel}","templated":true}]}}