{"id":7145,"date":"2025-07-10T11:08:15","date_gmt":"2025-07-10T14:08:15","guid":{"rendered":"https:\/\/www.aldealatam.com\/?p=7145"},"modified":"2025-07-10T11:10:31","modified_gmt":"2025-07-10T14:10:31","slug":"%f0%9f%94%81-tbt-especial-caso-de-uso-del-area-de-compras","status":"publish","type":"post","link":"https:\/\/www.aldealatam.com\/en\/%f0%9f%94%81-tbt-especial-caso-de-uso-del-area-de-compras\/","title":{"rendered":"&#x1f501; #TBT Especial | Caso de uso del \u00c1rea de Compras"},"content":{"rendered":"<div class=\"vc_row wpb_row vc_row-fluid vc_row_visible\"><div class=\"wpb_column vc_column_container vc_col-sm-12 text-left\"><div class=\"vc_column-inner\"><div class=\"wpb_wrapper\">\n\t<div class=\"wpb_text_column wpb_content_element \" >\n\t\t<div class=\"wpb_wrapper\">\n\t\t\t<p><strong>&#x1f501; #TBT Especial | Recap del desayuno de negocios ALDEA<\/strong><\/p>\n<p><strong>Caso de uso del \u00c1rea de Compras<\/strong><\/p>\n<p>&#x1f4cd; En nuestro \u00faltimo evento en las oficinas de Microsoft Argentina, compartimos un caso de uso de Indecol, una Pyme argentina, que refleja c\u00f3mo Microsoft Dynamics 365 Business Central transforma el \u00e1rea de Compras.<\/p>\n<p>&#x1f399;&#xfe0f; Gianfranco Ciancaglini, Responsable Comercia y Javier Fuentes, Gerente de Operaciones de ALDEA Desaf\u00edos Digitales presentaron:<\/p>\n<p>\u201cDel Excel a la inteligencia en compras: c\u00f3mo tomar mejores decisiones y potenciar la rentabilidad\u201d<\/p>\n<p>&#x1f4cc; Caso Indecol: Paula, Responsable de Compras<\/p>\n<p>Antes de implementar la plataforma Microsoft Dynamics 365 Business Central:<\/p>\n<p>&#x1f4c9; 6 planillas de Excel que s\u00f3lo contaban lo que ya hab\u00eda pasado<\/p>\n<p>&#x1f4e6; Falta de trazabilidad y previsibilidad<\/p>\n<p>&#x1f4db; Sin alertas de stock o facturas vencidas<\/p>\n<p>&#x1f4db; Varios problemas sin resolver<\/p>\n<p>Despu\u00e9s de implementar la soluci\u00f3n de ALDEA Desaf\u00edos Digitales:<\/p>\n<p>&#x2705; Trazabilidad total de pedidos<\/p>\n<p>&#x1f4c6; Planificaci\u00f3n de compras automatizada<\/p>\n<p>&#x1f6a8; Alertas inteligentes de stock<\/p>\n<p>&#x1f4a1; \u00a1Paula ya no adivina, toma decisiones basadas en datos reales!<\/p>\n<p>&#x1f4fd;&#xfe0f; \u00bfQuer\u00e9s ver el caso completo? Mir\u00e1 el video ac\u00e1: <u><a href=\"https:\/\/www.aldealatam.com\/evento-presencial-del-excel-a-la-planificacion-automatizada-como-transformar-las-compras-en-decisiones-estrategicas\/\">https:\/\/www.aldealatam.com\/evento-presencial-del-excel-a-la-planificacion-automatizada-como-transformar-las-compras-en-decisiones-estrategicas\/<\/a><\/u><\/p>\n<p>En ALDEA, seguimos ayudando a las empresas a dejar atr\u00e1s el caos de las planillas y a avanzar hacia una gesti\u00f3n inteligente y conectada.<\/p>\n<p><strong>#TBT #AldeaDesaf\u00edosDigitales #BusinessCentral #ERP #ComprasInteligentes #Transformaci\u00f3nDigital #MicrosoftDynamics365 #CasoDeUso #Gesti\u00f3nEmpresarial #LatamEmpresarial #DesayunoDeNegocios<\/strong><\/p>\n<div style=\"width: 640px;\" class=\"wp-video\"><!--[if lt IE 9]><script>document.createElement('video');<\/script><![endif]-->\n<video class=\"wp-video-shortcode\" id=\"video-7145-1\" width=\"640\" height=\"640\" preload=\"metadata\" controls=\"controls\"><source type=\"video\/mp4\" src=\"https:\/\/www.aldealatam.com\/wp-content\/uploads\/2025\/07\/CAPSULA-GIAN-Y-JAVI.mp4?_=1\" \/><a href=\"https:\/\/www.aldealatam.com\/wp-content\/uploads\/2025\/07\/CAPSULA-GIAN-Y-JAVI.mp4\">https:\/\/www.aldealatam.com\/wp-content\/uploads\/2025\/07\/CAPSULA-GIAN-Y-JAVI.mp4<\/a><\/video><\/div>\n\n\t\t<\/div>\n\t<\/div>\n<\/div><\/div><\/div><\/div><div class=\"vc_row wpb_row vc_row-fluid vc_row_visible\"><div class=\"wpb_column vc_column_container vc_col-sm-12 text-left\"><div class=\"vc_column-inner\"><div class=\"wpb_wrapper\"><\/div><\/div><\/div><\/div>","protected":false},"excerpt":{"rendered":"&#x1f501; #TBT Especial | Recap del desayuno de negocios ALDEA Caso de uso del \u00c1rea de Compras &#x1f4cd; En nuestro \u00faltimo evento en las oficinas de Microsoft Argentina, compartimos un caso de uso de Indecol, una Pyme argentina, que refleja...","protected":false},"author":7,"featured_media":7147,"comment_status":"closed","ping_status":"closed","sticky":false,"template":"","format":"standard","meta":{"_joinchat":[],"footnotes":""},"categories":[48,56,49],"tags":[94,91,93],"class_list":["post-7145","post","type-post","status-publish","format-standard","has-post-thumbnail","hentry","category-msdynbc365","category-erp","category-mspbi","tag-business","tag-evolucion-digital","tag-microsoft"],"_links":{"self":[{"href":"https:\/\/www.aldealatam.com\/en\/wp-json\/wp\/v2\/posts\/7145"}],"collection":[{"href":"https:\/\/www.aldealatam.com\/en\/wp-json\/wp\/v2\/posts"}],"about":[{"href":"https:\/\/www.aldealatam.com\/en\/wp-json\/wp\/v2\/types\/post"}],"author":[{"embeddable":true,"href":"https:\/\/www.aldealatam.com\/en\/wp-json\/wp\/v2\/users\/7"}],"replies":[{"embeddable":true,"href":"https:\/\/www.aldealatam.com\/en\/wp-json\/wp\/v2\/comments?post=7145"}],"version-history":[{"count":3,"href":"https:\/\/www.aldealatam.com\/en\/wp-json\/wp\/v2\/posts\/7145\/revisions"}],"predecessor-version":[{"id":7150,"href":"https:\/\/www.aldealatam.com\/en\/wp-json\/wp\/v2\/posts\/7145\/revisions\/7150"}],"wp:featuredmedia":[{"embeddable":true,"href":"https:\/\/www.aldealatam.com\/en\/wp-json\/wp\/v2\/media\/7147"}],"wp:attachment":[{"href":"https:\/\/www.aldealatam.com\/en\/wp-json\/wp\/v2\/media?parent=7145"}],"wp:term":[{"taxonomy":"category","embeddable":true,"href":"https:\/\/www.aldealatam.com\/en\/wp-json\/wp\/v2\/categories?post=7145"},{"taxonomy":"post_tag","embeddable":true,"href":"https:\/\/www.aldealatam.com\/en\/wp-json\/wp\/v2\/tags?post=7145"}],"curies":[{"name":"wp","href":"https:\/\/api.w.org\/{rel}","templated":true}]}}