{"id":7169,"date":"2025-07-23T17:47:07","date_gmt":"2025-07-23T20:47:07","guid":{"rendered":"https:\/\/www.aldealatam.com\/?p=7169"},"modified":"2025-07-23T17:47:07","modified_gmt":"2025-07-23T20:47:07","slug":"aldea-desafios-digitales-en-los-medios-de-comunicacion-2","status":"publish","type":"post","link":"https:\/\/www.aldealatam.com\/en\/aldea-desafios-digitales-en-los-medios-de-comunicacion-2\/","title":{"rendered":"ALDEA Desaf\u00edos Digitales en los medios de comunicaci\u00f3n"},"content":{"rendered":"<div class=\"vc_row wpb_row vc_row-fluid vc_row_visible\"><div class=\"wpb_column vc_column_container vc_col-sm-12 text-left\"><div class=\"vc_column-inner\"><div class=\"wpb_wrapper\">\n\t<div class=\"wpb_text_column wpb_content_element\" >\n\t\t<div class=\"wpb_wrapper\">\n\t\t\t<p><a href=\"https:\/\/www.aldealatam.com\/wp-content\/uploads\/2025\/07\/Ruben-en-la-PRENSA.png\"><img fetchpriority=\"high\" decoding=\"async\" class=\"alignnone wp-image-7170\" src=\"https:\/\/www.aldealatam.com\/wp-content\/uploads\/2025\/07\/Ruben-en-la-PRENSA.png\" alt=\"\" width=\"762\" height=\"762\" \/><\/a><\/p>\n<p>ALDEA Desaf\u00edos Digitales en los medios de comunicaci\u00f3n<\/p>\n<p>&#x1f4e3; \u00a0\u00a1Orgullo y reconocimiento! &#x1f5de;&#xfe0f;<\/p>\n<p>El reciente anuncio de Rub\u00e9n Gargallone como nuevo Gerente Comercial de ALDEA Desaf\u00edos Digitales, junto con el lanzamiento de nuestra nueva unidad de negocios ALDEA SALES, fue noticia en m\u00e1s de 50 medios de comunicaci\u00f3n del ecosistema tecnol\u00f3gico y empresarial.<\/p>\n<p>Este doble hito no solo marca un momento clave en nuestra historia, sino que tambi\u00e9n reafirma nuestro compromiso con la innovaci\u00f3n, el crecimiento y la transformaci\u00f3n de procesos comerciales y operativos en toda la regi\u00f3n.<\/p>\n<p>&#x1f449; Con el expertise de Rub\u00e9n, ALDEA SALES se presenta como una unidad enfocada en potenciar la estrategia comercial, la mejora organizacional y la experiencia humana, integrando tecnolog\u00eda y agilidad para lograr resultados reales y sostenibles.<\/p>\n<p>&#x1f4cc; \u201cDesde la visi\u00f3n de la mejora, hasta transformarla en beneficios para su negocio\u201d ser\u00e1 nuestro norte.<\/p>\n<p>Te presentamos algunos de los medios que reflejaron este importante anuncio:&#x1f447;&#x1f3fb;<\/p>\n<p>&#x27a1;&#xfe0f; Es.Financiero Argentina | <a href=\"https:\/\/esfinanciero.com\/argentina\/aldea-refuerza-su-estructura-con-nuevo-gerente-comercial-y-expande-su-oferta-con-una-nueva-unidad-de-negocios\/\">https:\/\/esfinanciero.com\/argentina\/aldea-refuerza-su-estructura-con-nuevo-gerente-comercial-y-expande-su-oferta-con-una-nueva-unidad-de-negocios\/<\/a><\/p>\n<p>&#x27a1;&#xfe0f; Digital Finanzas Argentina | <a href=\"https:\/\/digitalfinanzas.com\/argentina\/aldea-suma-nuevo-gerente-comercial-y-lanza-una-nueva-unidad-de-negocios\/\">https:\/\/digitalfinanzas.com\/argentina\/aldea-suma-nuevo-gerente-comercial-y-lanza-una-nueva-unidad-de-negocios\/<\/a><\/p>\n<p>&#x27a1;&#xfe0f; El Observador Nacional | <a href=\"https:\/\/elobservadornacional.com\/argentina\/aldea-refuerza-su-estructura-con-nuevo-gerente-comercial-y-expande-su-oferta-con-una-nueva-unidad-de-negocios\/\">https:\/\/elobservadornacional.com\/argentina\/aldea-refuerza-su-estructura-con-nuevo-gerente-comercial-y-expande-su-oferta-con-una-nueva-unidad-de-negocios\/<\/a><\/p>\n<p>&#x27a1;&#xfe0f; Informe Noticias Argentina | <a href=\"https:\/\/informeanualrsf.es\/argentina\/aldea-suma-nuevo-gerente-comercial-y-lanza-una-nueva-unidad-de-negocios\/\">https:\/\/informeanualrsf.es\/argentina\/aldea-suma-nuevo-gerente-comercial-y-lanza-una-nueva-unidad-de-negocios\/<\/a><\/p>\n<p>&#x27a1;&#xfe0f; En L\u00ednea Noticias | \u00a0<a href=\"https:\/\/enlineanoticias.mx\/aldea-incorpora-nuevo-gerente-comercial-y-presenta-nueva-unidad-de-negocios\/\">https:\/\/enlineanoticias.mx\/aldea-incorpora-nuevo-gerente-comercial-y-presenta-nueva-unidad-de-negocios\/<\/a><\/p>\n<p>&#x27a1;&#xfe0f; Actualidad Argentina | <a href=\"https:\/\/actualidad-abc.com\/argentina\/aldea-suma-nuevo-gerente-comercial-y-lanza-una-nueva-unidad-de-negocios\/\">https:\/\/actualidad-abc.com\/argentina\/aldea-suma-nuevo-gerente-comercial-y-lanza-una-nueva-unidad-de-negocios\/<\/a><\/p>\n<p>&#x27a1;&#xfe0f; FInanzas Inversi\u00f3n | <a href=\"https:\/\/finanzasinversion.com\/argentina\/aldea-refuerza-su-estructura-con-nuevo-gerente-comercial-y-expande-su-oferta-con-una-nueva-unidad-de-negocios\/\">https:\/\/finanzasinversion.com\/argentina\/aldea-refuerza-su-estructura-con-nuevo-gerente-comercial-y-expande-su-oferta-con-una-nueva-unidad-de-negocios\/<\/a><\/p>\n<p>&#x27a1;&#xfe0f; Imperio Financiero | <a href=\"https:\/\/imperiofinanciero.mx\/aldea-suma-nuevo-gerente-comercial-y-lanza-una-nueva-unidad-de-negocios\/\">https:\/\/imperiofinanciero.mx\/aldea-suma-nuevo-gerente-comercial-y-lanza-una-nueva-unidad-de-negocios\/<\/a><\/p>\n<p>&#x27a1;&#xfe0f; Capital 24 | <a href=\"https:\/\/capital24h.com\/argentina\/aldea-refuerza-su-estructura-con-nuevo-gerente-comercial-y-expande-su-oferta-con-una-nueva-unidad-de-negocios\/\">https:\/\/capital24h.com\/argentina\/aldea-refuerza-su-estructura-con-nuevo-gerente-comercial-y-expande-su-oferta-con-una-nueva-unidad-de-negocios\/<\/a><\/p>\n<p>&#x27a1;&#xfe0f; Mundo Empresa Argentina | <a href=\"https:\/\/elmundoempresa.com\/argentina\/aldea-incorpora-nuevo-gerente-comercial-y-presenta-nueva-unidad-de-negocios\/\">https:\/\/elmundoempresa.com\/argentina\/aldea-incorpora-nuevo-gerente-comercial-y-presenta-nueva-unidad-de-negocios\/<\/a><\/p>\n<p>&nbsp;<\/p>\n<p>#AldeaDesaf\u00edosDigitales #AldeaSales #Transformaci\u00f3nDigital #MicrosoftDynamics365 #ERP #Microsoft #Resursales #Innovaci\u00f3nEmpresarial #LiderazgoComercial<\/p>\n<p>Alicia Balbis Victoria Illanes Javier Fuentes Gianfranco Ciancaglini Christofher Magonara Almeida C\u00e9sar R. Denegri Rene Illanes Luis Morales Rub\u00e9n Gargallone Christofher Magonara Almeida<\/p>\n<p>&nbsp;<\/p>\n<p>&nbsp;<\/p>\n\n\t\t<\/div>\n\t<\/div>\n<\/div><\/div><\/div><\/div><div class=\"vc_row wpb_row vc_row-fluid vc_row_visible\"><div class=\"wpb_column vc_column_container vc_col-sm-12 text-left\"><div class=\"vc_column-inner\"><div class=\"wpb_wrapper\"><\/div><\/div><\/div><\/div>","protected":false},"excerpt":{"rendered":"ALDEA Desaf\u00edos Digitales en los medios de comunicaci\u00f3n &#x1f4e3; \u00a0\u00a1Orgullo y reconocimiento! &#x1f5de;&#xfe0f; El reciente anuncio de Rub\u00e9n Gargallone como nuevo Gerente Comercial de ALDEA Desaf\u00edos Digitales, junto con el lanzamiento de nuestra nueva unidad de negocios ALDEA SALES, fue...","protected":false},"author":7,"featured_media":7140,"comment_status":"closed","ping_status":"closed","sticky":false,"template":"","format":"standard","meta":{"_joinchat":[],"footnotes":""},"categories":[48,56,49],"tags":[94,91,93],"class_list":["post-7169","post","type-post","status-publish","format-standard","has-post-thumbnail","hentry","category-msdynbc365","category-erp","category-mspbi","tag-business","tag-evolucion-digital","tag-microsoft"],"_links":{"self":[{"href":"https:\/\/www.aldealatam.com\/en\/wp-json\/wp\/v2\/posts\/7169"}],"collection":[{"href":"https:\/\/www.aldealatam.com\/en\/wp-json\/wp\/v2\/posts"}],"about":[{"href":"https:\/\/www.aldealatam.com\/en\/wp-json\/wp\/v2\/types\/post"}],"author":[{"embeddable":true,"href":"https:\/\/www.aldealatam.com\/en\/wp-json\/wp\/v2\/users\/7"}],"replies":[{"embeddable":true,"href":"https:\/\/www.aldealatam.com\/en\/wp-json\/wp\/v2\/comments?post=7169"}],"version-history":[{"count":1,"href":"https:\/\/www.aldealatam.com\/en\/wp-json\/wp\/v2\/posts\/7169\/revisions"}],"predecessor-version":[{"id":7171,"href":"https:\/\/www.aldealatam.com\/en\/wp-json\/wp\/v2\/posts\/7169\/revisions\/7171"}],"wp:featuredmedia":[{"embeddable":true,"href":"https:\/\/www.aldealatam.com\/en\/wp-json\/wp\/v2\/media\/7140"}],"wp:attachment":[{"href":"https:\/\/www.aldealatam.com\/en\/wp-json\/wp\/v2\/media?parent=7169"}],"wp:term":[{"taxonomy":"category","embeddable":true,"href":"https:\/\/www.aldealatam.com\/en\/wp-json\/wp\/v2\/categories?post=7169"},{"taxonomy":"post_tag","embeddable":true,"href":"https:\/\/www.aldealatam.com\/en\/wp-json\/wp\/v2\/tags?post=7169"}],"curies":[{"name":"wp","href":"https:\/\/api.w.org\/{rel}","templated":true}]}}