{"id":7375,"date":"2026-03-06T13:20:55","date_gmt":"2026-03-06T16:20:55","guid":{"rendered":"https:\/\/www.aldealatam.com\/?p=7375"},"modified":"2026-03-06T13:20:55","modified_gmt":"2026-03-06T16:20:55","slug":"transformacion-digital-para-el-crecimiento-industrial-2","status":"publish","type":"post","link":"https:\/\/www.aldealatam.com\/en\/transformacion-digital-para-el-crecimiento-industrial-2\/","title":{"rendered":"Transformaci\u00f3n Digital para el Crecimiento Industrial"},"content":{"rendered":"<div class=\"vc_row wpb_row vc_row-fluid vc_row_visible\"><div class=\"wpb_column vc_column_container vc_col-sm-12 text-left\"><div class=\"vc_column-inner\"><div class=\"wpb_wrapper\">\n\t<div class=\"wpb_text_column wpb_content_element\" >\n\t\t<div class=\"wpb_wrapper\">\n\t\t\t<div class=\"x_elementToProof\">\n<div class=\"x_elementToProof\">\n<div>\n<div class=\"x_elementToProof\" data-olk-copy-source=\"MessageBody\">\n<div class=\"x_elementToProof\" data-olk-copy-source=\"MessageBody\">&#x1f4cd; Lugar:\u00a0ON AIR STUDIO &amp; Co. (Ant\u00e1rtida Argentina 1205, Neuqu\u00e9n).<\/div>\n<div class=\"x_elementToProof\">&#x1f4c5; Fecha:\u00a018 de Marzo.<\/div>\n<div class=\"x_elementToProof\">&#x1f554; Nuevo horario:\u00a018:30 Hs.<\/div>\n<div class=\"x_elementToProof\">\u00a0 \u00a0 \u00a0 WINE, CHEESE AND TECNOLOGY<\/div>\n<div class=\"x_elementToProof\"><\/div>\n<div class=\"x_elementToProof\">El futuro de la industria en la regi\u00f3n exige m\u00e1s que dedicaci\u00f3n: necesita tecnolog\u00eda capaz de impulsar un crecimiento sostenible y decisiones respaldadas por datos reales.<\/div>\n<div class=\"x_elementToProof\"><\/div>\n<div class=\"x_elementToProof\">En ALDEA Desaf\u00edos Digitales, sabemos que la madurez digital no sucede de un d\u00eda para otro; es un camino que se recorre con acompa\u00f1amiento experto. Por eso, te invitamos a un encuentro presencial exclusivo, ahora actualizado a su nuevo horario: 18:30 hs, donde exploraremos c\u00f3mo Microsoft Dynamics 365 Business Central\u00a0puede convertirse en el motor de cambio para tu empresa.<\/div>\n<div class=\"x_elementToProof\"><\/div>\n<div class=\"x_elementToProof\">\u00bfQu\u00e9 vas a llevarte de este encuentro?<\/div>\n<div class=\"x_elementToProof\"><\/div>\n<div class=\"x_elementToProof\">Soluciones dise\u00f1adas para optimizar tu operaci\u00f3n, ganar eficiencia y escalar con solidez:<\/div>\n<div class=\"x_elementToProof\"><\/div>\n<div class=\"x_elementToProof\">&#x2705; Ventas y facturaci\u00f3n integradas<\/div>\n<div class=\"x_elementToProof\">&#x2705; Compras ordenadas y trazables<\/div>\n<div class=\"x_elementToProof\">&#x2705; Impacto financiero autom\u00e1tico<\/div>\n<div class=\"x_elementToProof\">&#x2705; An\u00e1lisis del negocio en tiempo real<\/div>\n<div class=\"x_elementToProof\">&#x2705; Operaci\u00f3n m\u00e1s eficiente y controlada<\/div>\n<div class=\"x_elementToProof\"><\/div>\n<div class=\"x_elementToProof\">Agend\u00e1 las coordenadas:<\/div>\n<div class=\"x_elementToProof\"><\/div>\n<div class=\"x_elementToProof\">No dejes pasar la oportunidad de profesionalizar tu gesti\u00f3n con un partner experto en Microsoft.<\/div>\n<div class=\"x_elementToProof\"><\/div>\n<div class=\"x_elementToProof\">&#x1f517; Inscripci\u00f3n sin cargo:<\/div>\n<div class=\"x_elementToProof\"><a class=\"ms-outlook-linkify\" title=\"https:\/\/events.teams.microsoft.com\/event\/89adc4f1-b782-4ae3-9d75-d1f64d2862b4@7f3c2d4b-145a-42ce-bf6b-67a7d208f171\" href=\"https:\/\/events.teams.microsoft.com\/event\/89adc4f1-b782-4ae3-9d75-d1f64d2862b4@7f3c2d4b-145a-42ce-bf6b-67a7d208f171\" target=\"_blank\" rel=\"noopener\" data-linkindex=\"0\">https:\/\/events.teams.microsoft.com\/event\/89adc4f1-b782-4ae3-9d75-d1f64d2862b4@7f3c2d4b-145a-42ce-bf6b-67a7d208f171<\/a><\/div>\n<div class=\"x_elementToProof\"><\/div>\n<div class=\"x_elementToProof\"><\/div>\n<div class=\"x_elementToProof\">#Transformaci\u00f3nDigital #BusinessCentral #MicrosoftDynamics365 #Neuqu\u00e9n #ALDEADesaf\u00edosDigitales<\/div>\n<\/div>\n<\/div>\n<\/div>\n<\/div>\n<div>\n<div id='gallery-1' class='gallery galleryid-7375 gallery-columns-4 gallery-size-medium'><figure class='gallery-item'>\n\t\t\t<div class='gallery-icon portrait'>\n\t\t\t\t<a href='https:\/\/www.aldealatam.com\/en\/transformacion-digital-para-el-crecimiento-industrial-2\/iigg-aldea-vaca-muerta\/'><img fetchpriority=\"high\" decoding=\"async\" width=\"240\" height=\"300\" src=\"https:\/\/www.aldealatam.com\/wp-content\/uploads\/2026\/03\/IIGG-ALDEA-VACA-MUERTA-240x300.png\" class=\"attachment-medium size-medium\" alt=\"\" srcset=\"https:\/\/www.aldealatam.com\/wp-content\/uploads\/2026\/03\/IIGG-ALDEA-VACA-MUERTA-240x300.png 240w, https:\/\/www.aldealatam.com\/wp-content\/uploads\/2026\/03\/IIGG-ALDEA-VACA-MUERTA-819x1024.png 819w, https:\/\/www.aldealatam.com\/wp-content\/uploads\/2026\/03\/IIGG-ALDEA-VACA-MUERTA-768x960.png 768w, https:\/\/www.aldealatam.com\/wp-content\/uploads\/2026\/03\/IIGG-ALDEA-VACA-MUERTA-10x12.png 10w, https:\/\/www.aldealatam.com\/wp-content\/uploads\/2026\/03\/IIGG-ALDEA-VACA-MUERTA.png 1080w\" sizes=\"(max-width: 240px) 100vw, 240px\" \/><\/a>\n\t\t\t<\/div><\/figure><figure class='gallery-item'>\n\t\t\t<div class='gallery-icon portrait'>\n\t\t\t\t<a href='https:\/\/www.aldealatam.com\/en\/transformacion-digital-para-el-crecimiento-industrial-2\/iigg-aldea-vaca-muerta-1\/'><img decoding=\"async\" width=\"240\" height=\"300\" src=\"https:\/\/www.aldealatam.com\/wp-content\/uploads\/2026\/03\/IIGG-ALDEA-VACA-MUERTA-1-240x300.png\" class=\"attachment-medium size-medium\" alt=\"\" srcset=\"https:\/\/www.aldealatam.com\/wp-content\/uploads\/2026\/03\/IIGG-ALDEA-VACA-MUERTA-1-240x300.png 240w, https:\/\/www.aldealatam.com\/wp-content\/uploads\/2026\/03\/IIGG-ALDEA-VACA-MUERTA-1-819x1024.png 819w, https:\/\/www.aldealatam.com\/wp-content\/uploads\/2026\/03\/IIGG-ALDEA-VACA-MUERTA-1-768x960.png 768w, https:\/\/www.aldealatam.com\/wp-content\/uploads\/2026\/03\/IIGG-ALDEA-VACA-MUERTA-1-10x12.png 10w, https:\/\/www.aldealatam.com\/wp-content\/uploads\/2026\/03\/IIGG-ALDEA-VACA-MUERTA-1.png 1080w\" sizes=\"(max-width: 240px) 100vw, 240px\" \/><\/a>\n\t\t\t<\/div><\/figure><figure class='gallery-item'>\n\t\t\t<div class='gallery-icon portrait'>\n\t\t\t\t<a href='https:\/\/www.aldealatam.com\/en\/transformacion-digital-para-el-crecimiento-industrial-2\/iigg-aldea-vaca-muerta-2-ok\/'><img decoding=\"async\" width=\"240\" height=\"300\" src=\"https:\/\/www.aldealatam.com\/wp-content\/uploads\/2026\/03\/IIGG-ALDEA-VACA-MUERTA-2-OK-240x300.png\" class=\"attachment-medium size-medium\" alt=\"\" srcset=\"https:\/\/www.aldealatam.com\/wp-content\/uploads\/2026\/03\/IIGG-ALDEA-VACA-MUERTA-2-OK-240x300.png 240w, https:\/\/www.aldealatam.com\/wp-content\/uploads\/2026\/03\/IIGG-ALDEA-VACA-MUERTA-2-OK-819x1024.png 819w, https:\/\/www.aldealatam.com\/wp-content\/uploads\/2026\/03\/IIGG-ALDEA-VACA-MUERTA-2-OK-768x960.png 768w, https:\/\/www.aldealatam.com\/wp-content\/uploads\/2026\/03\/IIGG-ALDEA-VACA-MUERTA-2-OK-10x12.png 10w, https:\/\/www.aldealatam.com\/wp-content\/uploads\/2026\/03\/IIGG-ALDEA-VACA-MUERTA-2-OK.png 1080w\" sizes=\"(max-width: 240px) 100vw, 240px\" \/><\/a>\n\t\t\t<\/div><\/figure><figure class='gallery-item'>\n\t\t\t<div class='gallery-icon portrait'>\n\t\t\t\t<a href='https:\/\/www.aldealatam.com\/en\/transformacion-digital-para-el-crecimiento-industrial-2\/iigg-aldea-vaca-muerta-3\/'><img loading=\"lazy\" decoding=\"async\" width=\"240\" height=\"300\" src=\"https:\/\/www.aldealatam.com\/wp-content\/uploads\/2026\/03\/IIGG-ALDEA-VACA-MUERTA-3-240x300.png\" class=\"attachment-medium size-medium\" alt=\"\" srcset=\"https:\/\/www.aldealatam.com\/wp-content\/uploads\/2026\/03\/IIGG-ALDEA-VACA-MUERTA-3-240x300.png 240w, https:\/\/www.aldealatam.com\/wp-content\/uploads\/2026\/03\/IIGG-ALDEA-VACA-MUERTA-3-819x1024.png 819w, https:\/\/www.aldealatam.com\/wp-content\/uploads\/2026\/03\/IIGG-ALDEA-VACA-MUERTA-3-768x960.png 768w, https:\/\/www.aldealatam.com\/wp-content\/uploads\/2026\/03\/IIGG-ALDEA-VACA-MUERTA-3-10x12.png 10w, https:\/\/www.aldealatam.com\/wp-content\/uploads\/2026\/03\/IIGG-ALDEA-VACA-MUERTA-3.png 1080w\" sizes=\"(max-width: 240px) 100vw, 240px\" \/><\/a>\n\t\t\t<\/div><\/figure>\n\t\t<\/div>\n\n<\/div>\n<div class=\"x_elementToProof\">\n<div class=\"x_elementToProof\">\n<div>\n<div class=\"x_elementToProof\" data-olk-copy-source=\"MessageBody\">\n<div><\/div>\n<\/div>\n<\/div>\n<\/div>\n<div data-olk-copy-source=\"MessageBody\"><\/div>\n<div class=\"x_elementToProof\">\n<div>\n<div class=\"x_elementToProof\"><\/div>\n<\/div>\n<\/div>\n<\/div>\n\n\t\t<\/div>\n\t<\/div>\n<\/div><\/div><\/div><\/div>","protected":false},"excerpt":{"rendered":"&#x1f4cd; Lugar:\u00a0ON AIR STUDIO &amp; Co. (Ant\u00e1rtida Argentina 1205, Neuqu\u00e9n). &#x1f4c5; Fecha:\u00a018 de Marzo. &#x1f554; Nuevo horario:\u00a018:30 Hs. \u00a0 \u00a0 \u00a0 WINE, CHEESE AND TECNOLOGY El futuro de la industria en la regi\u00f3n exige m\u00e1s que dedicaci\u00f3n: necesita tecnolog\u00eda capaz...","protected":false},"author":7,"featured_media":7363,"comment_status":"closed","ping_status":"closed","sticky":false,"template":"","format":"video","meta":{"_joinchat":[],"footnotes":""},"categories":[48,56],"tags":[94,91,93],"class_list":["post-7375","post","type-post","status-publish","format-video","has-post-thumbnail","hentry","category-msdynbc365","category-erp","tag-business","tag-evolucion-digital","tag-microsoft","post_format-post-format-video"],"_links":{"self":[{"href":"https:\/\/www.aldealatam.com\/en\/wp-json\/wp\/v2\/posts\/7375"}],"collection":[{"href":"https:\/\/www.aldealatam.com\/en\/wp-json\/wp\/v2\/posts"}],"about":[{"href":"https:\/\/www.aldealatam.com\/en\/wp-json\/wp\/v2\/types\/post"}],"author":[{"embeddable":true,"href":"https:\/\/www.aldealatam.com\/en\/wp-json\/wp\/v2\/users\/7"}],"replies":[{"embeddable":true,"href":"https:\/\/www.aldealatam.com\/en\/wp-json\/wp\/v2\/comments?post=7375"}],"version-history":[{"count":1,"href":"https:\/\/www.aldealatam.com\/en\/wp-json\/wp\/v2\/posts\/7375\/revisions"}],"predecessor-version":[{"id":7380,"href":"https:\/\/www.aldealatam.com\/en\/wp-json\/wp\/v2\/posts\/7375\/revisions\/7380"}],"wp:featuredmedia":[{"embeddable":true,"href":"https:\/\/www.aldealatam.com\/en\/wp-json\/wp\/v2\/media\/7363"}],"wp:attachment":[{"href":"https:\/\/www.aldealatam.com\/en\/wp-json\/wp\/v2\/media?parent=7375"}],"wp:term":[{"taxonomy":"category","embeddable":true,"href":"https:\/\/www.aldealatam.com\/en\/wp-json\/wp\/v2\/categories?post=7375"},{"taxonomy":"post_tag","embeddable":true,"href":"https:\/\/www.aldealatam.com\/en\/wp-json\/wp\/v2\/tags?post=7375"}],"curies":[{"name":"wp","href":"https:\/\/api.w.org\/{rel}","templated":true}]}}