{"id":7381,"date":"2026-03-16T10:00:48","date_gmt":"2026-03-16T13:00:48","guid":{"rendered":"https:\/\/www.aldealatam.com\/?p=7381"},"modified":"2026-03-13T12:49:41","modified_gmt":"2026-03-13T15:49:41","slug":"tecnologia-que-impulsa-el-crecimiento-industrial-sostenible-2","status":"publish","type":"post","link":"https:\/\/www.aldealatam.com\/en\/tecnologia-que-impulsa-el-crecimiento-industrial-sostenible-2\/","title":{"rendered":"Tecnolog\u00eda que impulsa el crecimiento industrial sostenible"},"content":{"rendered":"<div class=\"vc_row wpb_row vc_row-fluid vc_row_visible\"><div class=\"wpb_column vc_column_container vc_col-sm-12 text-left\"><div class=\"vc_column-inner\"><div class=\"wpb_wrapper\">\n\t<div class=\"wpb_text_column wpb_content_element \" >\n\t\t<div class=\"wpb_wrapper\">\n\t\t\t<div class=\"x_elementToProof\">\n<div class=\"x_elementToProof\">\n<div>\n<div class=\"x_elementToProof\" data-olk-copy-source=\"MessageBody\">\n<div class=\"x_elementToProof\">\n<div class=\"x_elementToProof\" data-olk-copy-source=\"MessageBody\">Tecnolog\u00eda que impulsa el crecimiento industrial sostenible<\/div>\n<div class=\"x_elementToProof\"><\/div>\n<div class=\"x_elementToProof\">&#x1f4e2; Invitaci\u00f3n de\u00a0<a id=\"OWA00e6b0b9-9d4e-0dab-ac5e-a883eb572fd4\" class=\"x_ql-mention x_OWAAutoLink\" title=\"https:\/\/www.linkedin.com\/company\/3822671\/admin\/page-posts\/published\/?share=true#\" href=\"https:\/\/www.linkedin.com\/company\/3822671\/admin\/page-posts\/published\/?share=true#\" data-test-ql-mention=\"true\" data-original-text=\"Rub\u00e9n Gargallone\" data-object-urn=\"urn:li:fsd_profile:ACoAAAIp50kBZJsS4cOPLnDdbqoZq_myDGv90eU\" data-guid=\"4\" data-entity-urn=\"urn:li:fsd_profile:ACoAAAIp50kBZJsS4cOPLnDdbqoZq_myDGv90eU\" data-auth=\"NotApplicable\" data-linkindex=\"0\">Rub\u00e9n Gargallone<\/a>, Gerente Comercial de ALDEA Desaf\u00edos Digitales<\/div>\n<div class=\"x_elementToProof\" aria-hidden=\"true\"><\/div>\n<div class=\"x_elementToProof\">Te invita a participar de un encuentro presencial exclusivo en la ciudad de Neuqu\u00e9n.<\/div>\n<div class=\"x_elementToProof\"><\/div>\n<div class=\"x_elementToProof\">En esta jornada vas a descubrir c\u00f3mo las empresas industriales de la regi\u00f3n est\u00e1n dando un salto hacia la eficiencia operativa, la integraci\u00f3n total y la toma de decisiones basada en datos.<\/div>\n<div class=\"x_elementToProof\"><\/div>\n<div class=\"x_elementToProof\">Con Microsoft Dynamics 365 Business Central, te mostraremos c\u00f3mo modernizar tus finanzas, operaciones y cadena de suministros sin depender de planillas y con procesos unificados.<\/div>\n<div class=\"x_elementToProof\"><\/div>\n<div class=\"x_elementToProof\">WINE, CHEESE AND TECHNOLOGY<\/div>\n<div class=\"x_elementToProof\"><\/div>\n<div class=\"x_elementToProof\">&#x1f4c5; Fecha: 18 de marzo<\/div>\n<div class=\"x_elementToProof\">&#x1f558; Hora: 18:30 a 20:30 hs<\/div>\n<div class=\"x_elementToProof\">&#x1f4cd; Lugar: ON AIR STUDIO &amp; Co. \u2013 Ant\u00e1rtida Argentina 1205, Neuqu\u00e9n<\/div>\n<div class=\"x_elementToProof\"><\/div>\n<div class=\"x_elementToProof\">Agenda destacada<\/div>\n<div class=\"x_elementToProof\"><\/div>\n<div class=\"x_elementToProof\">&#x2705; Facturaci\u00f3n y pedidos de venta<\/div>\n<div class=\"x_elementToProof\">&#x2705; Solicitudes de compra<\/div>\n<div class=\"x_elementToProof\">&#x2705; Portal de proveedores<\/div>\n<div class=\"x_elementToProof\">&#x2705; Caso de \u00e9xito<\/div>\n<div class=\"x_elementToProof\"><\/div>\n<div class=\"x_elementToProof\">&#x1f4f2; \u00a1Registrate ahora y asegur\u00e1 tu lugar en este encuentro clave para la Transformaci\u00f3n Digital industrial!<\/div>\n<div class=\"x_elementToProof\"><\/div>\n<div class=\"x_elementToProof\">&#x1f449;\u00a0<a class=\"ms-outlook-linkify\" title=\"https:\/\/events.teams.microsoft.com\/event\/89adc4f1-b782-4ae3-9d75-d1f64d2862b4@7f3c2d4b-145a-42ce-bf6b-67a7d208f171\" href=\"https:\/\/events.teams.microsoft.com\/event\/89adc4f1-b782-4ae3-9d75-d1f64d2862b4@7f3c2d4b-145a-42ce-bf6b-67a7d208f171\" target=\"_blank\" rel=\"noopener\" data-linkindex=\"1\">https:\/\/events.teams.microsoft.com\/event\/89adc4f1-b782-4ae3-9d75-d1f64d2862b4@7f3c2d4b-145a-42ce-bf6b-67a7d208f171<\/a><\/div>\n<div class=\"x_elementToProof\"><\/div>\n<div class=\"x_elementToProof\">#BusinessCentral\u00a0#Neuqu\u00e9n\u00a0#TransformacionDigital\u00a0#ParqueIndustrial\u00a0#MicrosoftDynamics365\u00a0#VacaMuerta\u00a0#ERP\u00a0#Aldea<\/div>\n<div class=\"x_elementToProof\"><\/div>\n<\/div>\n<\/div>\n<\/div>\n<\/div>\n<\/div>\n<div>\n<div style=\"width: 640px;\" class=\"wp-video\"><!--[if lt IE 9]><script>document.createElement('video');<\/script><![endif]-->\n<video class=\"wp-video-shortcode\" id=\"video-7381-1\" width=\"640\" height=\"800\" preload=\"metadata\" controls=\"controls\"><source type=\"video\/mp4\" src=\"https:\/\/www.aldealatam.com\/wp-content\/uploads\/2026\/03\/Video-MNQ-Ruben-sin-marco.mp4?_=1\" \/><a href=\"https:\/\/www.aldealatam.com\/wp-content\/uploads\/2026\/03\/Video-MNQ-Ruben-sin-marco.mp4\">https:\/\/www.aldealatam.com\/wp-content\/uploads\/2026\/03\/Video-MNQ-Ruben-sin-marco.mp4<\/a><\/video><\/div>\n<\/div>\n<div class=\"x_elementToProof\">\n<div class=\"x_elementToProof\">\n<div>\n<div class=\"x_elementToProof\" data-olk-copy-source=\"MessageBody\">\n<div><\/div>\n<\/div>\n<\/div>\n<\/div>\n<div data-olk-copy-source=\"MessageBody\"><\/div>\n<div class=\"x_elementToProof\">\n<div>\n<div class=\"x_elementToProof\"><\/div>\n<\/div>\n<\/div>\n<\/div>\n\n\t\t<\/div>\n\t<\/div>\n<\/div><\/div><\/div><\/div>","protected":false},"excerpt":{"rendered":"Tecnolog\u00eda que impulsa el crecimiento industrial sostenible &#x1f4e2; Invitaci\u00f3n de\u00a0Rub\u00e9n Gargallone, Gerente Comercial de ALDEA Desaf\u00edos Digitales Te invita a participar de un encuentro presencial exclusivo en la ciudad de Neuqu\u00e9n. En esta jornada vas a descubrir c\u00f3mo las empresas...","protected":false},"author":7,"featured_media":7363,"comment_status":"closed","ping_status":"closed","sticky":false,"template":"","format":"video","meta":{"_joinchat":[],"footnotes":""},"categories":[48,56],"tags":[94,91,93],"class_list":["post-7381","post","type-post","status-publish","format-video","has-post-thumbnail","hentry","category-msdynbc365","category-erp","tag-business","tag-evolucion-digital","tag-microsoft","post_format-post-format-video"],"_links":{"self":[{"href":"https:\/\/www.aldealatam.com\/en\/wp-json\/wp\/v2\/posts\/7381"}],"collection":[{"href":"https:\/\/www.aldealatam.com\/en\/wp-json\/wp\/v2\/posts"}],"about":[{"href":"https:\/\/www.aldealatam.com\/en\/wp-json\/wp\/v2\/types\/post"}],"author":[{"embeddable":true,"href":"https:\/\/www.aldealatam.com\/en\/wp-json\/wp\/v2\/users\/7"}],"replies":[{"embeddable":true,"href":"https:\/\/www.aldealatam.com\/en\/wp-json\/wp\/v2\/comments?post=7381"}],"version-history":[{"count":1,"href":"https:\/\/www.aldealatam.com\/en\/wp-json\/wp\/v2\/posts\/7381\/revisions"}],"predecessor-version":[{"id":7383,"href":"https:\/\/www.aldealatam.com\/en\/wp-json\/wp\/v2\/posts\/7381\/revisions\/7383"}],"wp:featuredmedia":[{"embeddable":true,"href":"https:\/\/www.aldealatam.com\/en\/wp-json\/wp\/v2\/media\/7363"}],"wp:attachment":[{"href":"https:\/\/www.aldealatam.com\/en\/wp-json\/wp\/v2\/media?parent=7381"}],"wp:term":[{"taxonomy":"category","embeddable":true,"href":"https:\/\/www.aldealatam.com\/en\/wp-json\/wp\/v2\/categories?post=7381"},{"taxonomy":"post_tag","embeddable":true,"href":"https:\/\/www.aldealatam.com\/en\/wp-json\/wp\/v2\/tags?post=7381"}],"curies":[{"name":"wp","href":"https:\/\/api.w.org\/{rel}","templated":true}]}}