{"id":7384,"date":"2026-03-13T12:40:11","date_gmt":"2026-03-13T15:40:11","guid":{"rendered":"https:\/\/www.aldealatam.com\/?p=7384"},"modified":"2026-03-13T12:46:37","modified_gmt":"2026-03-13T15:46:37","slug":"tecnologia-que-impulsa-el-crecimiento-industrial-sostenible-3","status":"publish","type":"post","link":"https:\/\/www.aldealatam.com\/en\/tecnologia-que-impulsa-el-crecimiento-industrial-sostenible-3\/","title":{"rendered":"Tecnolog\u00eda que impulsa el crecimiento industrial sostenible"},"content":{"rendered":"<div class=\"vc_row wpb_row vc_row-fluid vc_row_visible\"><div class=\"wpb_column vc_column_container vc_col-sm-12 text-left\"><div class=\"vc_column-inner\"><div class=\"wpb_wrapper\">\n\t<div class=\"wpb_text_column wpb_content_element\" >\n\t\t<div class=\"wpb_wrapper\">\n\t\t\t<div class=\"x_elementToProof\">\n<div class=\"x_elementToProof\">\n<div>\n<div class=\"x_elementToProof\" data-olk-copy-source=\"MessageBody\">\n<div class=\"x_elementToProof\">\n<div class=\"x_elementToProof\">\n<div class=\"x_elementToProof\" data-olk-copy-source=\"MessageBody\">&#x1f377;&#x1f9c0; WINE, CHEESE AND TECHNOLOGY<\/div>\n<div class=\"x_elementToProof\"><\/div>\n<div id=\"x_isPasted\" class=\"x_elementToProof\"><b>Tecnolog\u00eda que impulsa el crecimiento industrial sostenible<\/b><\/div>\n<div class=\"x_elementToProof\"><\/div>\n<div class=\"x_elementToProof\"><\/div>\n<div class=\"x_elementToProof\">\u00a1Te invitamos a una jornada exclusiva de networking y soluciones empresariales! Acompa\u00f1anos para descubrir c\u00f3mo potenciar tu negocio con herramientas de vanguardia, mientras disfrutamos de una excelente selecci\u00f3n de vinos y quesos.<\/div>\n<div class=\"x_elementToProof\"><\/div>\n<div class=\"x_elementToProof\">&#x1f4cd; Lugar: ON AIR STUDIO &amp; Co. &#8211; Ant\u00e1rtida Argentina 1205, Neuqu\u00e9n.<\/div>\n<div class=\"x_elementToProof\">&#x1f4c5; Fecha: 18 de Marzo.<\/div>\n<div class=\"x_elementToProof\">&#x23f0; Hora de inicio: 18:30 HS.<\/div>\n<div class=\"x_elementToProof\">&#x1f4dc; Agenda del Evento:<\/div>\n<div class=\"x_elementToProof\"><\/div>\n<div class=\"x_elementToProof\">\u00a018:30 \u00a0HS | Recepci\u00f3n y Networking &#x1f377;<\/div>\n<div class=\"x_elementToProof\">\u00a018:50 \u00a0HS | Bienvenida y Apertura &#x1f91d;<\/div>\n<div class=\"x_elementToProof\">\u00a019:00 \u00a0HS | &#x2705; Facturaci\u00f3n y pedidos de venta<\/div>\n<div class=\"x_elementToProof\">\u00a019:15 \u00a0 HS | &#x2705; Solicitudes de compra<\/div>\n<div class=\"x_elementToProof\">\u00a019:30 \u00a0HS | &#x2705; Portal de proveedores<\/div>\n<div class=\"x_elementToProof\">\u00a019:45 \u00a0HS | &#x2705; Caso de \u00e9xito y Demo<\/div>\n<div class=\"x_elementToProof\">\u00a020:05 HS | Q&amp;A y Cierre Final (20:30 HS) &#x1f3a4;<\/div>\n<div class=\"x_elementToProof\"><\/div>\n<div class=\"x_elementToProof\"><\/div>\n<div class=\"x_elementToProof\">&#x1f399;&#xfe0f; Presentadores:<\/div>\n<div class=\"x_elementToProof\"><\/div>\n<div class=\"x_elementToProof\">Contaremos con la experiencia de nuestro equipo de especialistas:<\/div>\n<div class=\"x_elementToProof\"><\/div>\n<div class=\"x_elementToProof\">&#x1f464; Gianfranco Ciancaglini \u2013 Gerente de Desarrollo de Negocios<\/div>\n<div class=\"x_elementToProof\">&#x1f464; Ivan Gabriel Souto \u2013 Asistente de Desarrollo de Negocios<\/div>\n<div class=\"x_elementToProof\">&#x1f464; Julian Fuentes \u2013 Consultor en Soluciones Empresariales<\/div>\n<div class=\"x_elementToProof\"><\/div>\n<div class=\"x_elementToProof\">\u00a1No te pierdas esta oportunidad de actualizarte y conectar con colegas de la industria en un ambiente relajado y profesional! &#x1f680;<\/div>\n<div class=\"x_elementToProof\"><\/div>\n<div class=\"x_elementToProof\">Organiza: Aldea | Microsoft Partner<\/div>\n<div><\/div>\n<div>Para registrarte entr\u00e1 en: <a dir=\"auto\" tabindex=\"0\" href=\"https:\/\/events.teams.microsoft.com\/event\/89adc4f1-b782-4ae3-9d75-d1f64d2862b4@7f3c2d4b-145a-42ce-bf6b-67a7d208f171\" target=\"_blank\" rel=\"noopener\">Tecnolog\u00eda que impulsa el crecimiento industrial sostenible | Uni\u00f3n a la reuni\u00f3n | Microsoft Teams<\/a><\/div>\n<div><\/div>\n<\/div>\n<\/div>\n<div class=\"x_elementToProof\">\n<div class=\"x_elementToProof\">\n<div class=\"x_elementToProof\"><b>Nota:<\/b>\u00a0Si ten\u00e9s problemas para el resgistro, contactanos al:\u00a0vicky.illanes@aldealatam.com\u00a0y\/o +541168206417 y nosotros te registramos.<\/div>\n<div class=\"x_elementToProof\"><\/div>\n<div class=\"x_elementToProof\">#Tecnolog\u00eda #Networking #BusinessCentral #VacaMuerta #Neuqu\u00e9n #Empresas #Eficiencia #WineAndCheese<\/div>\n<div><\/div>\n<\/div>\n<\/div>\n<\/div>\n<\/div>\n<\/div>\n<div class=\"x_elementToProof\">\n<div>\n<div class=\"x_elementToProof\" data-olk-copy-source=\"MessageBody\">\n<div class=\"x_elementToProof\">\n<div class=\"x_elementToProof\">\n<div><a href=\"https:\/\/events.teams.microsoft.com\/event\/89adc4f1-b782-4ae3-9d75-d1f64d2862b4@7f3c2d4b-145a-42ce-bf6b-67a7d208f171\"><img fetchpriority=\"high\" decoding=\"async\" class=\"wp-image-7385 aligncenter\" src=\"https:\/\/www.aldealatam.com\/wp-content\/uploads\/2026\/03\/AGENDA-ALDEA-OK-240x300.png\" alt=\"\" width=\"311\" height=\"389\" srcset=\"https:\/\/www.aldealatam.com\/wp-content\/uploads\/2026\/03\/AGENDA-ALDEA-OK-240x300.png 240w, https:\/\/www.aldealatam.com\/wp-content\/uploads\/2026\/03\/AGENDA-ALDEA-OK-819x1024.png 819w, https:\/\/www.aldealatam.com\/wp-content\/uploads\/2026\/03\/AGENDA-ALDEA-OK-768x960.png 768w, https:\/\/www.aldealatam.com\/wp-content\/uploads\/2026\/03\/AGENDA-ALDEA-OK-10x12.png 10w, https:\/\/www.aldealatam.com\/wp-content\/uploads\/2026\/03\/AGENDA-ALDEA-OK.png 1080w\" sizes=\"(max-width: 311px) 100vw, 311px\" \/><\/a><\/div>\n<\/div>\n<\/div>\n<\/div>\n<\/div>\n<\/div>\n<\/div>\n<div><\/div>\n<div class=\"x_elementToProof\">\n<div class=\"x_elementToProof\">\n<div>\n<div class=\"x_elementToProof\" data-olk-copy-source=\"MessageBody\">\n<div><\/div>\n<\/div>\n<\/div>\n<\/div>\n<div data-olk-copy-source=\"MessageBody\"><\/div>\n<div class=\"x_elementToProof\">\n<div>\n<div class=\"x_elementToProof\"><\/div>\n<\/div>\n<\/div>\n<\/div>\n\n\t\t<\/div>\n\t<\/div>\n<\/div><\/div><\/div><\/div>","protected":false},"excerpt":{"rendered":"&#x1f377;&#x1f9c0; WINE, CHEESE AND TECHNOLOGY Tecnolog\u00eda que impulsa el crecimiento industrial sostenible \u00a1Te invitamos a una jornada exclusiva de networking y soluciones empresariales! Acompa\u00f1anos para descubrir c\u00f3mo potenciar tu negocio con herramientas de vanguardia, mientras disfrutamos de una excelente selecci\u00f3n...","protected":false},"author":7,"featured_media":7363,"comment_status":"closed","ping_status":"closed","sticky":false,"template":"","format":"video","meta":{"_joinchat":[],"footnotes":""},"categories":[48,56],"tags":[94,91,93],"class_list":["post-7384","post","type-post","status-publish","format-video","has-post-thumbnail","hentry","category-msdynbc365","category-erp","tag-business","tag-evolucion-digital","tag-microsoft","post_format-post-format-video"],"_links":{"self":[{"href":"https:\/\/www.aldealatam.com\/en\/wp-json\/wp\/v2\/posts\/7384"}],"collection":[{"href":"https:\/\/www.aldealatam.com\/en\/wp-json\/wp\/v2\/posts"}],"about":[{"href":"https:\/\/www.aldealatam.com\/en\/wp-json\/wp\/v2\/types\/post"}],"author":[{"embeddable":true,"href":"https:\/\/www.aldealatam.com\/en\/wp-json\/wp\/v2\/users\/7"}],"replies":[{"embeddable":true,"href":"https:\/\/www.aldealatam.com\/en\/wp-json\/wp\/v2\/comments?post=7384"}],"version-history":[{"count":4,"href":"https:\/\/www.aldealatam.com\/en\/wp-json\/wp\/v2\/posts\/7384\/revisions"}],"predecessor-version":[{"id":7389,"href":"https:\/\/www.aldealatam.com\/en\/wp-json\/wp\/v2\/posts\/7384\/revisions\/7389"}],"wp:featuredmedia":[{"embeddable":true,"href":"https:\/\/www.aldealatam.com\/en\/wp-json\/wp\/v2\/media\/7363"}],"wp:attachment":[{"href":"https:\/\/www.aldealatam.com\/en\/wp-json\/wp\/v2\/media?parent=7384"}],"wp:term":[{"taxonomy":"category","embeddable":true,"href":"https:\/\/www.aldealatam.com\/en\/wp-json\/wp\/v2\/categories?post=7384"},{"taxonomy":"post_tag","embeddable":true,"href":"https:\/\/www.aldealatam.com\/en\/wp-json\/wp\/v2\/tags?post=7384"}],"curies":[{"name":"wp","href":"https:\/\/api.w.org\/{rel}","templated":true}]}}