{"id":7391,"date":"2026-03-17T11:16:00","date_gmt":"2026-03-17T14:16:00","guid":{"rendered":"https:\/\/www.aldealatam.com\/?p=7391"},"modified":"2026-03-17T11:16:00","modified_gmt":"2026-03-17T14:16:00","slug":"ultimas-vacantes-tecnologia-que-impulsa-el-crecimiento-industrial-sostenible","status":"publish","type":"post","link":"https:\/\/www.aldealatam.com\/en\/ultimas-vacantes-tecnologia-que-impulsa-el-crecimiento-industrial-sostenible\/","title":{"rendered":"\u00daLTIMAS VACANTES: Tecnolog\u00eda que impulsa el crecimiento industrial sostenible"},"content":{"rendered":"<div class=\"vc_row wpb_row vc_row-fluid vc_row_visible\"><div class=\"wpb_column vc_column_container vc_col-sm-12 text-left\"><div class=\"vc_column-inner\"><div class=\"wpb_wrapper\">\n\t<div class=\"wpb_text_column wpb_content_element\" >\n\t\t<div class=\"wpb_wrapper\">\n\t\t\t<div class=\"x_elementToProof\">\n<div class=\"x_elementToProof\">\n<div class=\"x_elementToProof\" data-olk-copy-source=\"MessageBody\">\n<div class=\"x_elementToProof\">\n<div class=\"x_elementToProof\" data-olk-copy-source=\"MessageBody\">\n<p data-olk-copy-source=\"MessageBody\">&#x23f3;FALTA 1 D\u00cdA: \u00daLTIMAS VACANTES<\/p>\n<p>&#x1f377;&#x1f9c0; WINE, CHEESE AND TECHNOLOGY &#8211;<\/p>\n<h2 id=\"x_isPasted\" class=\"x_default-heading2\"><strong>Tecnolog\u00eda que impulsa el crecimiento industrial sostenible<\/strong><\/h2>\n<p class=\"x_default\">\u00a1Te invitamos a una jornada exclusiva de networking y soluciones empresariales! Acompa\u00f1anos para descubrir c\u00f3mo potenciar tu negocio con herramientas de vanguardia, mientras disfrutamos de una excelente selecci\u00f3n de vinos y quesos.<\/p>\n<p class=\"x_default\">&#x1f4cd; Lugar: ON AIR STUDIO &amp; Co. &#8211; Ant\u00e1rtida Argentina 1205, Neuqu\u00e9n.<\/p>\n<p class=\"x_default\">&#x1f4c5; Fecha: 18 de Marzo.<\/p>\n<p class=\"x_default\">&#x23f0; Hora de inicio: 18:30 HS.<\/p>\n<p class=\"x_default\">&#x1f4dc; Agenda del Evento:<\/p>\n<p class=\"x_default\">\u00a018:30 \u00a0HS | Recepci\u00f3n y Networking &#x1f377;<\/p>\n<p class=\"x_default\">\u00a018:50 \u00a0HS | Bienvenida y Apertura &#x1f91d;<\/p>\n<p class=\"x_default\">\u00a019:00 \u00a0HS | &#x2705; Facturaci\u00f3n y pedidos de venta<\/p>\n<p class=\"x_default\">\u00a019:15 \u00a0 HS | &#x2705; Solicitudes de compra<\/p>\n<p class=\"x_default\">\u00a019:30 \u00a0HS | &#x2705; Portal de proveedores<\/p>\n<p class=\"x_default\">\u00a019:45 \u00a0HS | &#x2705; Caso de \u00e9xito y Demo<\/p>\n<p class=\"x_default\">\u00a020:05 HS | Q&amp;A y Cierre Final (20:30 HS) &#x1f3a4;<\/p>\n<p class=\"x_default\">&#x1f399;&#xfe0f; Presentadores:<\/p>\n<p class=\"x_default\">Contaremos con la experiencia de nuestro equipo de especialistas:<\/p>\n<p class=\"x_default\">&#x1f464; Gianfranco Ciancaglini \u2013 Gerente de Desarrollo de Negocios<\/p>\n<p class=\"x_default\">&#x1f464; Ivan Gabriel Souto \u2013 Asistente de Desarrollo de Negocios<\/p>\n<p class=\"x_default\">&#x1f464; Julian Fuentes \u2013 Consultor en Soluciones Empresariales<\/p>\n<p class=\"x_default\">\u00a1No te pierdas esta oportunidad de actualizarte y conectar con colegas de la industria en un ambiente relajado y profesional! &#x1f680;<\/p>\n<p class=\"x_default\">Organiza: Aldea | Microsoft Partner<\/p>\n<div class=\"x_elementToProof\"><\/div>\n<div class=\"x_elementToProof\">&#x1f4f2; \u00a1Registrate ahora y asegur\u00e1 tu lugar en este encuentro clave para la Transformaci\u00f3n Digital industrial!<\/div>\n<div class=\"x_elementToProof\"><\/div>\n<div class=\"x_elementToProof\">&#x1f449;\u00a0<a class=\"ms-outlook-linkify\" title=\"https:\/\/events.teams.microsoft.com\/event\/89adc4f1-b782-4ae3-9d75-d1f64d2862b4@7f3c2d4b-145a-42ce-bf6b-67a7d208f171\" href=\"https:\/\/events.teams.microsoft.com\/event\/89adc4f1-b782-4ae3-9d75-d1f64d2862b4@7f3c2d4b-145a-42ce-bf6b-67a7d208f171\" target=\"_blank\" rel=\"noopener\" data-linkindex=\"1\">https:\/\/events.teams.microsoft.com\/event\/89adc4f1-b782-4ae3-9d75-d1f64d2862b4@7f3c2d4b-145a-42ce-bf6b-67a7d208f171<\/a><\/div>\n<p class=\"x_default\"><strong>Nota:<\/strong>\u00a0Si ten\u00e9s problemas para el resgistro, contactanos al: vicky.illanes@aldealatam.com y\/o +541168206417 y nosotros te registramos.<\/p>\n<p class=\"x_default\">Te esperamos ma\u00f1ana.<\/p>\n<p>&nbsp;<\/p>\n<p class=\"x_default\">#Tecnolog\u00eda #Networking #BusinessCentral #VacaMuerta #Neuqu\u00e9n #Empresas #Eficiencia #WineAndCheese<\/p>\n<\/div>\n<div class=\"x_elementToProof\"><a href=\"https:\/\/www.aldealatam.com\/wp-content\/uploads\/2026\/03\/X6ADfSTcz3gr.png\"><img fetchpriority=\"high\" decoding=\"async\" class=\"alignnone size-medium wp-image-7392\" src=\"https:\/\/www.aldealatam.com\/wp-content\/uploads\/2026\/03\/X6ADfSTcz3gr-240x300.png\" alt=\"\" width=\"240\" height=\"300\" srcset=\"https:\/\/www.aldealatam.com\/wp-content\/uploads\/2026\/03\/X6ADfSTcz3gr-240x300.png 240w, https:\/\/www.aldealatam.com\/wp-content\/uploads\/2026\/03\/X6ADfSTcz3gr-819x1024.png 819w, https:\/\/www.aldealatam.com\/wp-content\/uploads\/2026\/03\/X6ADfSTcz3gr-768x960.png 768w, https:\/\/www.aldealatam.com\/wp-content\/uploads\/2026\/03\/X6ADfSTcz3gr-10x12.png 10w, https:\/\/www.aldealatam.com\/wp-content\/uploads\/2026\/03\/X6ADfSTcz3gr.png 1080w\" sizes=\"(max-width: 240px) 100vw, 240px\" \/><\/a><\/div>\n<div class=\"x_elementToProof\"><\/div>\n<div class=\"x_elementToProof\"><\/div>\n<\/div>\n<\/div>\n<\/div>\n<\/div>\n<div><\/div>\n<div class=\"x_elementToProof\">\n<div class=\"x_elementToProof\">\n<div>\n<div class=\"x_elementToProof\" data-olk-copy-source=\"MessageBody\">\n<div><\/div>\n<\/div>\n<\/div>\n<\/div>\n<div data-olk-copy-source=\"MessageBody\"><\/div>\n<div class=\"x_elementToProof\">\n<div>\n<div class=\"x_elementToProof\"><\/div>\n<\/div>\n<\/div>\n<\/div>\n\n\t\t<\/div>\n\t<\/div>\n<\/div><\/div><\/div><\/div>","protected":false},"excerpt":{"rendered":"&#x23f3;FALTA 1 D\u00cdA: \u00daLTIMAS VACANTES &#x1f377;&#x1f9c0; WINE, CHEESE AND TECHNOLOGY - Tecnolog\u00eda que impulsa el crecimiento industrial sostenible \u00a1Te invitamos a una jornada exclusiva de networking y soluciones empresariales! Acompa\u00f1anos para descubrir c\u00f3mo potenciar tu negocio con herramientas de vanguardia,...","protected":false},"author":7,"featured_media":7363,"comment_status":"closed","ping_status":"closed","sticky":false,"template":"","format":"video","meta":{"_joinchat":[],"footnotes":""},"categories":[48,56],"tags":[94,91,93],"class_list":["post-7391","post","type-post","status-publish","format-video","has-post-thumbnail","hentry","category-msdynbc365","category-erp","tag-business","tag-evolucion-digital","tag-microsoft","post_format-post-format-video"],"_links":{"self":[{"href":"https:\/\/www.aldealatam.com\/en\/wp-json\/wp\/v2\/posts\/7391"}],"collection":[{"href":"https:\/\/www.aldealatam.com\/en\/wp-json\/wp\/v2\/posts"}],"about":[{"href":"https:\/\/www.aldealatam.com\/en\/wp-json\/wp\/v2\/types\/post"}],"author":[{"embeddable":true,"href":"https:\/\/www.aldealatam.com\/en\/wp-json\/wp\/v2\/users\/7"}],"replies":[{"embeddable":true,"href":"https:\/\/www.aldealatam.com\/en\/wp-json\/wp\/v2\/comments?post=7391"}],"version-history":[{"count":1,"href":"https:\/\/www.aldealatam.com\/en\/wp-json\/wp\/v2\/posts\/7391\/revisions"}],"predecessor-version":[{"id":7393,"href":"https:\/\/www.aldealatam.com\/en\/wp-json\/wp\/v2\/posts\/7391\/revisions\/7393"}],"wp:featuredmedia":[{"embeddable":true,"href":"https:\/\/www.aldealatam.com\/en\/wp-json\/wp\/v2\/media\/7363"}],"wp:attachment":[{"href":"https:\/\/www.aldealatam.com\/en\/wp-json\/wp\/v2\/media?parent=7391"}],"wp:term":[{"taxonomy":"category","embeddable":true,"href":"https:\/\/www.aldealatam.com\/en\/wp-json\/wp\/v2\/categories?post=7391"},{"taxonomy":"post_tag","embeddable":true,"href":"https:\/\/www.aldealatam.com\/en\/wp-json\/wp\/v2\/tags?post=7391"}],"curies":[{"name":"wp","href":"https:\/\/api.w.org\/{rel}","templated":true}]}}