{"id":7428,"date":"2026-04-23T14:16:51","date_gmt":"2026-04-23T17:16:51","guid":{"rendered":"https:\/\/www.aldealatam.com\/?p=7428"},"modified":"2026-04-23T14:28:44","modified_gmt":"2026-04-23T17:28:44","slug":"aldea-desafios-digitales-estuvo-presente-en-el-4-congreso-de-distribuidores-del-agro-%f0%9f%8c%b1","status":"publish","type":"post","link":"https:\/\/www.aldealatam.com\/en\/aldea-desafios-digitales-estuvo-presente-en-el-4-congreso-de-distribuidores-del-agro-%f0%9f%8c%b1\/","title":{"rendered":"ALDEA Desaf\u00edos Digitales estuvo presente en el 4\u00b0 Congreso de Distribuidores del Agro &#x1f331;\u00a0"},"content":{"rendered":"<div class=\"vc_row wpb_row vc_row-fluid vc_row_visible\"><div class=\"wpb_column vc_column_container vc_col-sm-12 text-left\"><div class=\"vc_column-inner\"><div class=\"wpb_wrapper\">\n\t<div class=\"wpb_text_column wpb_content_element\" >\n\t\t<div class=\"wpb_wrapper\">\n\t\t\t<div class=\"x_elementToProof\"><\/div>\n<div>\n<div class=\"x_elementToProof\">\n<div class=\"x_elementToProof\">\n<div class=\"x_elementToProof\">\n<div class=\"x_elementToProof\" data-olk-copy-source=\"MessageBody\"><strong>ALDEA Desaf\u00edos Digitales estuvo presente en el 4\u00b0 Congreso de Distribuidores del Agro &#x1f331;\u00a0<\/strong><\/div>\n<div class=\"x_elementToProof\" aria-hidden=\"true\"><\/div>\n<div class=\"x_elementToProof\">Nuestro Gerente de Desarrollo de Negocios, Gianfranco Ciancaglini, particip\u00f3 de este importante encuentro que re\u00fane a los principales actores del canal de distribuci\u00f3n agropecuaria, un sector que enfrenta crecientes desaf\u00edos de integraci\u00f3n, trazabilidad y eficiencia operativa.<\/div>\n<div><\/div>\n<div class=\"x_elementToProof\">Durante la jornada, recorrimos la muestra comercial y visitamos el stand de nuestro cliente y partner, Rendel, Sponsor Platino del evento y referente en soluciones m\u00f3viles B2B aplicadas a Supply Chain, log\u00edstica portuaria, servicio t\u00e9cnico e inspecciones, entre otros procesos clave del negocio agroindustrial.<\/div>\n<div><\/div>\n<div class=\"x_elementToProof\">Estos espacios nos permiten profundizar el conocimiento de las necesidades reales del sector y seguir fortaleciendo nuestra propuesta de valor basada en soluciones ERP con Microsoft Dynamics 365 Business Central, orientadas a integrar procesos, optimizar la gesti\u00f3n y brindar informaci\u00f3n confiable para la toma de decisiones estrat\u00e9gicas.<\/div>\n<div><\/div>\n<div class=\"x_elementToProof\">En ALDEA Desaf\u00edos Digitales, acompa\u00f1amos a empresas del ecosistema agro y de distribuci\u00f3n en su evoluci\u00f3n digital, ayud\u00e1ndolas a escalar sus operaciones con mayor control, eficiencia y visibilidad del negocio.<\/div>\n<\/div>\n<\/div>\n<\/div>\n<\/div>\n<div>\n<div class=\"x_elementToProof\">\n<div><\/div>\n<\/div>\n<\/div>\n<div class=\"x_elementToProof\">\n<div class=\"x_elementToProof\">\n<div>\n<div class=\"x_elementToProof\">#agro #agroindustria #pymes #erp<\/div>\n<\/div>\n<\/div>\n<\/div>\n<div><\/div>\n<div>\n<div id='gallery-1' class='gallery galleryid-7428 gallery-columns-5 gallery-size-thumbnail'><figure class='gallery-item'>\n\t\t\t<div class='gallery-icon portrait'>\n\t\t\t\t<a href='https:\/\/www.aldealatam.com\/en\/aldea-desafios-digitales-estuvo-presente-en-el-4-congreso-de-distribuidores-del-agro-%f0%9f%8c%b1\/envento-agro-7\/'><img decoding=\"async\" width=\"150\" height=\"150\" src=\"https:\/\/www.aldealatam.com\/wp-content\/uploads\/2026\/04\/envento-agro-7-150x150.jpeg\" class=\"attachment-thumbnail size-thumbnail\" alt=\"\" srcset=\"https:\/\/www.aldealatam.com\/wp-content\/uploads\/2026\/04\/envento-agro-7-150x150.jpeg 150w, https:\/\/www.aldealatam.com\/wp-content\/uploads\/2026\/04\/envento-agro-7-400x400.jpeg 400w, https:\/\/www.aldealatam.com\/wp-content\/uploads\/2026\/04\/envento-agro-7-75x75.jpeg 75w, https:\/\/www.aldealatam.com\/wp-content\/uploads\/2026\/04\/envento-agro-7-460x460.jpeg 460w\" sizes=\"(max-width: 150px) 100vw, 150px\" \/><\/a>\n\t\t\t<\/div><\/figure><figure class='gallery-item'>\n\t\t\t<div class='gallery-icon portrait'>\n\t\t\t\t<a href='https:\/\/www.aldealatam.com\/en\/aldea-desafios-digitales-estuvo-presente-en-el-4-congreso-de-distribuidores-del-agro-%f0%9f%8c%b1\/evento-agro-1\/'><img decoding=\"async\" width=\"150\" height=\"150\" src=\"https:\/\/www.aldealatam.com\/wp-content\/uploads\/2026\/04\/evento-agro-1-150x150.jpeg\" class=\"attachment-thumbnail size-thumbnail\" alt=\"\" srcset=\"https:\/\/www.aldealatam.com\/wp-content\/uploads\/2026\/04\/evento-agro-1-150x150.jpeg 150w, https:\/\/www.aldealatam.com\/wp-content\/uploads\/2026\/04\/evento-agro-1-400x400.jpeg 400w, https:\/\/www.aldealatam.com\/wp-content\/uploads\/2026\/04\/evento-agro-1-75x75.jpeg 75w, https:\/\/www.aldealatam.com\/wp-content\/uploads\/2026\/04\/evento-agro-1-460x460.jpeg 460w\" sizes=\"(max-width: 150px) 100vw, 150px\" \/><\/a>\n\t\t\t<\/div><\/figure><figure class='gallery-item'>\n\t\t\t<div class='gallery-icon portrait'>\n\t\t\t\t<a href='https:\/\/www.aldealatam.com\/en\/aldea-desafios-digitales-estuvo-presente-en-el-4-congreso-de-distribuidores-del-agro-%f0%9f%8c%b1\/evento-agro-4\/'><img decoding=\"async\" width=\"150\" height=\"150\" src=\"https:\/\/www.aldealatam.com\/wp-content\/uploads\/2026\/04\/evento-agro-4-150x150.jpeg\" class=\"attachment-thumbnail size-thumbnail\" alt=\"\" srcset=\"https:\/\/www.aldealatam.com\/wp-content\/uploads\/2026\/04\/evento-agro-4-150x150.jpeg 150w, https:\/\/www.aldealatam.com\/wp-content\/uploads\/2026\/04\/evento-agro-4-400x400.jpeg 400w, https:\/\/www.aldealatam.com\/wp-content\/uploads\/2026\/04\/evento-agro-4-75x75.jpeg 75w, https:\/\/www.aldealatam.com\/wp-content\/uploads\/2026\/04\/evento-agro-4-460x460.jpeg 460w\" sizes=\"(max-width: 150px) 100vw, 150px\" \/><\/a>\n\t\t\t<\/div><\/figure><figure class='gallery-item'>\n\t\t\t<div class='gallery-icon landscape'>\n\t\t\t\t<a href='https:\/\/www.aldealatam.com\/en\/aldea-desafios-digitales-estuvo-presente-en-el-4-congreso-de-distribuidores-del-agro-%f0%9f%8c%b1\/evento-agro-3\/'><img loading=\"lazy\" decoding=\"async\" width=\"150\" height=\"150\" src=\"https:\/\/www.aldealatam.com\/wp-content\/uploads\/2026\/04\/evento-agro-3-150x150.jpeg\" class=\"attachment-thumbnail size-thumbnail\" alt=\"\" srcset=\"https:\/\/www.aldealatam.com\/wp-content\/uploads\/2026\/04\/evento-agro-3-150x150.jpeg 150w, https:\/\/www.aldealatam.com\/wp-content\/uploads\/2026\/04\/evento-agro-3-400x400.jpeg 400w, https:\/\/www.aldealatam.com\/wp-content\/uploads\/2026\/04\/evento-agro-3-75x75.jpeg 75w, https:\/\/www.aldealatam.com\/wp-content\/uploads\/2026\/04\/evento-agro-3-460x460.jpeg 460w\" sizes=\"(max-width: 150px) 100vw, 150px\" \/><\/a>\n\t\t\t<\/div><\/figure><figure class='gallery-item'>\n\t\t\t<div class='gallery-icon landscape'>\n\t\t\t\t<a href='https:\/\/www.aldealatam.com\/en\/aldea-desafios-digitales-estuvo-presente-en-el-4-congreso-de-distribuidores-del-agro-%f0%9f%8c%b1\/evento-agro-6\/'><img loading=\"lazy\" decoding=\"async\" width=\"150\" height=\"150\" src=\"https:\/\/www.aldealatam.com\/wp-content\/uploads\/2026\/04\/evento-agro-6-150x150.jpeg\" class=\"attachment-thumbnail size-thumbnail\" alt=\"\" srcset=\"https:\/\/www.aldealatam.com\/wp-content\/uploads\/2026\/04\/evento-agro-6-150x150.jpeg 150w, https:\/\/www.aldealatam.com\/wp-content\/uploads\/2026\/04\/evento-agro-6-400x400.jpeg 400w, https:\/\/www.aldealatam.com\/wp-content\/uploads\/2026\/04\/evento-agro-6-75x75.jpeg 75w, https:\/\/www.aldealatam.com\/wp-content\/uploads\/2026\/04\/evento-agro-6-460x460.jpeg 460w\" sizes=\"(max-width: 150px) 100vw, 150px\" \/><\/a>\n\t\t\t<\/div><\/figure>\n\t\t<\/div>\n\n<\/div>\n\n\t\t<\/div>\n\t<\/div>\n<\/div><\/div><\/div><\/div>","protected":false},"excerpt":{"rendered":"ALDEA Desaf\u00edos Digitales estuvo presente en el 4\u00b0 Congreso de Distribuidores del Agro &#x1f331;\u00a0 Nuestro Gerente de Desarrollo de Negocios, Gianfranco Ciancaglini, particip\u00f3 de este importante encuentro que re\u00fane a los principales actores del canal de distribuci\u00f3n agropecuaria, un sector...","protected":false},"author":7,"featured_media":7432,"comment_status":"closed","ping_status":"closed","sticky":false,"template":"","format":"video","meta":{"_joinchat":[],"footnotes":""},"categories":[48,56],"tags":[94,91,93],"class_list":["post-7428","post","type-post","status-publish","format-video","has-post-thumbnail","hentry","category-msdynbc365","category-erp","tag-business","tag-evolucion-digital","tag-microsoft","post_format-post-format-video"],"_links":{"self":[{"href":"https:\/\/www.aldealatam.com\/en\/wp-json\/wp\/v2\/posts\/7428"}],"collection":[{"href":"https:\/\/www.aldealatam.com\/en\/wp-json\/wp\/v2\/posts"}],"about":[{"href":"https:\/\/www.aldealatam.com\/en\/wp-json\/wp\/v2\/types\/post"}],"author":[{"embeddable":true,"href":"https:\/\/www.aldealatam.com\/en\/wp-json\/wp\/v2\/users\/7"}],"replies":[{"embeddable":true,"href":"https:\/\/www.aldealatam.com\/en\/wp-json\/wp\/v2\/comments?post=7428"}],"version-history":[{"count":3,"href":"https:\/\/www.aldealatam.com\/en\/wp-json\/wp\/v2\/posts\/7428\/revisions"}],"predecessor-version":[{"id":7440,"href":"https:\/\/www.aldealatam.com\/en\/wp-json\/wp\/v2\/posts\/7428\/revisions\/7440"}],"wp:featuredmedia":[{"embeddable":true,"href":"https:\/\/www.aldealatam.com\/en\/wp-json\/wp\/v2\/media\/7432"}],"wp:attachment":[{"href":"https:\/\/www.aldealatam.com\/en\/wp-json\/wp\/v2\/media?parent=7428"}],"wp:term":[{"taxonomy":"category","embeddable":true,"href":"https:\/\/www.aldealatam.com\/en\/wp-json\/wp\/v2\/categories?post=7428"},{"taxonomy":"post_tag","embeddable":true,"href":"https:\/\/www.aldealatam.com\/en\/wp-json\/wp\/v2\/tags?post=7428"}],"curies":[{"name":"wp","href":"https:\/\/api.w.org\/{rel}","templated":true}]}}