{"id":7442,"date":"2026-04-29T11:10:12","date_gmt":"2026-04-29T14:10:12","guid":{"rendered":"https:\/\/www.aldealatam.com\/?p=7442"},"modified":"2026-04-29T11:13:53","modified_gmt":"2026-04-29T14:13:53","slug":"nos-complace-compartir-una-linda-noticia","status":"publish","type":"post","link":"https:\/\/www.aldealatam.com\/en\/nos-complace-compartir-una-linda-noticia\/","title":{"rendered":"Nos complace compartir una linda noticia"},"content":{"rendered":"<div class=\"vc_row wpb_row vc_row-fluid vc_row_visible\"><div class=\"wpb_column vc_column_container vc_col-sm-12 text-left\"><div class=\"vc_column-inner\"><div class=\"wpb_wrapper\">\n\t<div class=\"wpb_text_column wpb_content_element\" >\n\t\t<div class=\"wpb_wrapper\">\n\t\t\t<div class=\"x_elementToProof\">\n<div class=\"x_elementToProof\">\n<div class=\"x_elementToProof\">\n<p>En <strong>Fedelta<\/strong>, uno de nuestros clientes estrat\u00e9gicos, dimos un nuevo paso en su camino de transformaci\u00f3n digital.<\/p>\n<p>Junto a sus directores, gerentes, personal clave del proyecto y nuestro equipo de consultores liderado por Ren\u00e9 Illanes, participamos del <strong>Kick off de la implementaci\u00f3n del ERP Microsoft Dynamics 365 Business Central<\/strong>, que se integrar\u00e1 con el <strong>CRM Microsoft Dynamics 365<\/strong>, soluci\u00f3n que implementamos junto a su equipo hace tres a\u00f1os.<\/p>\n<p>Fedelta es una empresa que provee insumos de medicina reconstructiva, regenerativa, soluciones para heridas y uroginecolog\u00eda. Se destaca en tecnolog\u00eda m\u00e9dica y soluciones de salud digital.<\/p>\n<p>Este nuevo proyecto representa la evoluci\u00f3n natural de una estrategia tecnol\u00f3gica sostenida en el tiempo: conectar procesos, integrar informaci\u00f3n y potenciar la gesti\u00f3n con herramientas que acompa\u00f1en el crecimiento del negocio.<\/p>\n<p>Agradecemos a todo el equipo de <strong>Fedelta<\/strong>\u00a0por la confianza y el compromiso en cada etapa. Seguimos avanzando juntos, impulsando organizaciones m\u00e1s eficientes y productivas.<\/p>\n<p>#Transformaci\u00f3nDigital #ERP #CRM #MicrosoftDynamics365 #BusinessCentral #Integraci\u00f3nDeSistemas #ALDEA #Clientes #KickOff<\/p>\n<\/div>\n<\/div>\n<\/div>\n<div><\/div>\n<div>\n<div id='gallery-1' class='gallery galleryid-7442 gallery-columns-3 gallery-size-medium'><figure class='gallery-item'>\n\t\t\t<div class='gallery-icon landscape'>\n\t\t\t\t<a href='https:\/\/www.aldealatam.com\/wp-content\/uploads\/2026\/04\/Fedelta3-1.jpeg'><img fetchpriority=\"high\" decoding=\"async\" width=\"300\" height=\"169\" src=\"https:\/\/www.aldealatam.com\/wp-content\/uploads\/2026\/04\/Fedelta3-1-300x169.jpeg\" class=\"attachment-medium size-medium\" alt=\"\" srcset=\"https:\/\/www.aldealatam.com\/wp-content\/uploads\/2026\/04\/Fedelta3-1-300x169.jpeg 300w, https:\/\/www.aldealatam.com\/wp-content\/uploads\/2026\/04\/Fedelta3-1-1024x576.jpeg 1024w, https:\/\/www.aldealatam.com\/wp-content\/uploads\/2026\/04\/Fedelta3-1-768x432.jpeg 768w, https:\/\/www.aldealatam.com\/wp-content\/uploads\/2026\/04\/Fedelta3-1-1536x864.jpeg 1536w, https:\/\/www.aldealatam.com\/wp-content\/uploads\/2026\/04\/Fedelta3-1-18x10.jpeg 18w, https:\/\/www.aldealatam.com\/wp-content\/uploads\/2026\/04\/Fedelta3-1.jpeg 1600w\" sizes=\"(max-width: 300px) 100vw, 300px\" \/><\/a>\n\t\t\t<\/div><\/figure><figure class='gallery-item'>\n\t\t\t<div class='gallery-icon landscape'>\n\t\t\t\t<a href='https:\/\/www.aldealatam.com\/wp-content\/uploads\/2026\/04\/Fedelta1-1.jpeg'><img decoding=\"async\" width=\"300\" height=\"169\" src=\"https:\/\/www.aldealatam.com\/wp-content\/uploads\/2026\/04\/Fedelta1-1-300x169.jpeg\" class=\"attachment-medium size-medium\" alt=\"\" srcset=\"https:\/\/www.aldealatam.com\/wp-content\/uploads\/2026\/04\/Fedelta1-1-300x169.jpeg 300w, https:\/\/www.aldealatam.com\/wp-content\/uploads\/2026\/04\/Fedelta1-1-1024x576.jpeg 1024w, https:\/\/www.aldealatam.com\/wp-content\/uploads\/2026\/04\/Fedelta1-1-768x432.jpeg 768w, https:\/\/www.aldealatam.com\/wp-content\/uploads\/2026\/04\/Fedelta1-1-1536x864.jpeg 1536w, https:\/\/www.aldealatam.com\/wp-content\/uploads\/2026\/04\/Fedelta1-1-18x10.jpeg 18w, https:\/\/www.aldealatam.com\/wp-content\/uploads\/2026\/04\/Fedelta1-1.jpeg 1600w\" sizes=\"(max-width: 300px) 100vw, 300px\" \/><\/a>\n\t\t\t<\/div><\/figure>\n\t\t<\/div>\n\n<\/div>\n<div><\/div>\n\n\t\t<\/div>\n\t<\/div>\n<\/div><\/div><\/div><\/div>","protected":false},"excerpt":{"rendered":"En Fedelta, uno de nuestros clientes estrat\u00e9gicos, dimos un nuevo paso en su camino de transformaci\u00f3n digital. Junto a sus directores, gerentes, personal clave del proyecto y nuestro equipo de consultores liderado por Ren\u00e9 Illanes, participamos del Kick off de...","protected":false},"author":7,"featured_media":7443,"comment_status":"closed","ping_status":"closed","sticky":false,"template":"","format":"video","meta":{"_joinchat":[],"footnotes":""},"categories":[48,56],"tags":[94,91,93],"class_list":["post-7442","post","type-post","status-publish","format-video","has-post-thumbnail","hentry","category-msdynbc365","category-erp","tag-business","tag-evolucion-digital","tag-microsoft","post_format-post-format-video"],"_links":{"self":[{"href":"https:\/\/www.aldealatam.com\/en\/wp-json\/wp\/v2\/posts\/7442"}],"collection":[{"href":"https:\/\/www.aldealatam.com\/en\/wp-json\/wp\/v2\/posts"}],"about":[{"href":"https:\/\/www.aldealatam.com\/en\/wp-json\/wp\/v2\/types\/post"}],"author":[{"embeddable":true,"href":"https:\/\/www.aldealatam.com\/en\/wp-json\/wp\/v2\/users\/7"}],"replies":[{"embeddable":true,"href":"https:\/\/www.aldealatam.com\/en\/wp-json\/wp\/v2\/comments?post=7442"}],"version-history":[{"count":3,"href":"https:\/\/www.aldealatam.com\/en\/wp-json\/wp\/v2\/posts\/7442\/revisions"}],"predecessor-version":[{"id":7448,"href":"https:\/\/www.aldealatam.com\/en\/wp-json\/wp\/v2\/posts\/7442\/revisions\/7448"}],"wp:featuredmedia":[{"embeddable":true,"href":"https:\/\/www.aldealatam.com\/en\/wp-json\/wp\/v2\/media\/7443"}],"wp:attachment":[{"href":"https:\/\/www.aldealatam.com\/en\/wp-json\/wp\/v2\/media?parent=7442"}],"wp:term":[{"taxonomy":"category","embeddable":true,"href":"https:\/\/www.aldealatam.com\/en\/wp-json\/wp\/v2\/categories?post=7442"},{"taxonomy":"post_tag","embeddable":true,"href":"https:\/\/www.aldealatam.com\/en\/wp-json\/wp\/v2\/tags?post=7442"}],"curies":[{"name":"wp","href":"https:\/\/api.w.org\/{rel}","templated":true}]}}